{"id":29727,"date":"2021-11-25T14:40:08","date_gmt":"2021-11-25T17:40:08","guid":{"rendered":"https:\/\/infovera.com.ar\/web\/?p=29727"},"modified":"2021-11-26T19:21:55","modified_gmt":"2021-11-26T22:21:55","slug":"helicopteros-no-tripulados-drones-y-convoys-para-la-lucha-contra-el-trafico-de-drogas-en-el-norte-video","status":"publish","type":"post","link":"https:\/\/infovera.com.ar\/web\/2021\/11\/25\/helicopteros-no-tripulados-drones-y-convoys-para-la-lucha-contra-el-trafico-de-drogas-en-el-norte-video\/","title":{"rendered":"Helic\u00f3pteros no tripulados, drones y convoys para la lucha contra el tr\u00e1fico de drogas en el norte (video)"},"content":{"rendered":"<p><strong>La provincia incorpora tres herramientas adaptadas para tareas de seguridad y vigilancia estrat\u00e9gica. Se trata de tres helic\u00f3pteros no tripulados, un convoy terrestre y otro acu\u00e1tico, y 20 drones con 10 estaciones terrestres. Dicha adquisici\u00f3n se lleva a cabo mediante un convenio con el Invap y una licitaci\u00f3n p\u00fablica, y una erogaci\u00f3n de casi 13 millones de d\u00f3lares.<\/strong><\/p>\n<p>El gobierno de la provincia de Santa Fe realiz\u00f3 este jueves una prueba t\u00e9cnica de tres herramientas que incorpora a la lucha contra el delito. Se trata de tres helic\u00f3pteros no tripulados y dos convoyes (uno terrestre y otro acu\u00e1tico), producto del convenio firmado con la empresa Invap, y de 20 drones con 10 estaciones terrestres adquiridos a trav\u00e9s de una licitaci\u00f3n p\u00fablica.<\/p>\n<p>Durante la presentaci\u00f3n, el subsecretario de Seguridad Preventiva de la provincia, Diego Lluma, explic\u00f3 que los flamantes dispositivos permitir\u00e1n \u201ctener una ventaja operacional superior a la de los criminales\u201d. En esa l\u00ednea, se\u00f1al\u00f3 que \u201ctambi\u00e9n dotar\u00e1n a la investigaci\u00f3n criminal y a la Justicia de informaci\u00f3n que no ten\u00edan hasta el momento\u201d.<\/p>\n<p>En paralelo, el funcionario indic\u00f3, adem\u00e1s, que \u201cpermitir\u00e1n prevenir de dos formas. Por un lado, con la disuasi\u00f3n, ya que la presencia de estos dispositivos hace que las l\u00f3gicas criminales se modifiquen. La presencia del Estado, en la zona por donde ingresan las sustancias, es lo que m\u00e1s nos tiene que interesar, para que no lleguen a la ciudad. Y, por otro lado, los sensores vinculados al proceso de datos permitir\u00e1n cartografiar, por ejemplo, de donde sali\u00f3 la bala\u201d.<\/p>\n<p>Finalmente, consultado sobre cu\u00e1ndo se pondr\u00e1n en funcionamiento, afirm\u00f3: \u201cYa est\u00e1 el dispositivo en los lugares donde hemos detectado un d\u00e9ficit de presencia estatal, policial, por ejemplo, en el norte de la provincia, por donde pasa el tr\u00e1fico de las sustancias por las cuales hay batallas en las urbes. Ese lugar, esas log\u00edsticas, esos tr\u00e1ficos de personas, armas y sustancias van a estar custodiados. Con esto, el Estado va a tener una informaci\u00f3n de calidad indispensable para trazar sus estrategias espec\u00edficas\u201d.<\/p>\n<p><strong>HELIC\u00d3PTEROS RUAS<\/strong><\/p>\n<p>Con una inversi\u00f3n de 3,3 millones de d\u00f3lares, la provincia incorpora tres unidades adaptadas para tareas de seguridad y vigilancia estrat\u00e9gica, a las que se suman dos estaciones terrestres de operaci\u00f3n y la log\u00edstica necesaria para su traslado y operaci\u00f3n desde cualquier punto del territorio santafesino. Es un desarrollo de Invap (aporta la ingenier\u00eda y software de integraci\u00f3n de sistemas); Cicar\u00e9 (empresa que fabrica helic\u00f3pteros); y la empresa santafesina de servicios agr\u00edcolas Marinelli.<\/p>\n<div style=\"width: 640px;\" class=\"wp-video\"><video class=\"wp-video-shortcode\" id=\"video-29727-1\" width=\"640\" height=\"360\" preload=\"metadata\" controls=\"controls\"><source type=\"video\/mp4\" src=\"https:\/\/www.santafe.gob.ar\/noticias\/recursos\/videosHD\/2021\/11\/2021-11-25NID_273170O_1.mp4?_=1\" \/><a href=\"https:\/\/www.santafe.gob.ar\/noticias\/recursos\/videosHD\/2021\/11\/2021-11-25NID_273170O_1.mp4\">https:\/\/www.santafe.gob.ar\/noticias\/recursos\/videosHD\/2021\/11\/2021-11-25NID_273170O_1.mp4<\/a><\/video><\/div>\n<p><strong>CONVOYES SIVAM<\/strong><\/p>\n<p>Con una inversi\u00f3n de 8,1 millones de d\u00f3lares, la provincia incorpora el concepto operacional, ingenier\u00eda y desarrollo de dos convoyes:<\/p>\n<p>&gt;&gt; Uno terrestre integrado por tres veh\u00edculos: uno central de comando, control y staff, con sistemas de comunicaciones, drones, sala de operaciones y video wall; y dos camionetas de apoyo log\u00edstico que transportan los medios necesarios para proyectar fuerza: motos y cuatriciclos.<\/p>\n<p>&gt;&gt; Uno n\u00e1utico, con una nave principal que concentra el sistema de comunicaciones; y otra secundaria que traslada efectivos.<\/p>\n<p><strong>DRONES MATRICE<\/strong><\/p>\n<p>Con una inversi\u00f3n de 1,5 millones de d\u00f3lares, la provincia incorpora 20 unidades m\u00e1s 10 estaciones terrestres, provenientes de la empresa DJI, que detenta el 75% del mercado mundial de drones.<\/p>\n","protected":false},"excerpt":{"rendered":"<p>La provincia incorpora tres herramientas adaptadas para tareas de seguridad y vigilancia estrat\u00e9gica. Se trata de tres helic\u00f3pteros no tripulados, un convoy terrestre y otro acu\u00e1tico, y 20 drones con 10 estaciones terrestres. Dicha adquisici\u00f3n se lleva a cabo mediante un convenio con el Invap y una licitaci\u00f3n p\u00fablica, y una erogaci\u00f3n de casi 13 [&hellip;]<\/p>\n","protected":false},"author":3,"featured_media":29728,"comment_status":"closed","ping_status":"closed","sticky":false,"template":"","format":"standard","meta":{"_joinchat":[],"footnotes":""},"categories":[60],"tags":[],"class_list":{"0":"post-29727","1":"post","2":"type-post","3":"status-publish","4":"format-standard","5":"has-post-thumbnail","7":"category-provinciales"},"_links":{"self":[{"href":"https:\/\/infovera.com.ar\/web\/wp-json\/wp\/v2\/posts\/29727","targetHints":{"allow":["GET"]}}],"collection":[{"href":"https:\/\/infovera.com.ar\/web\/wp-json\/wp\/v2\/posts"}],"about":[{"href":"https:\/\/infovera.com.ar\/web\/wp-json\/wp\/v2\/types\/post"}],"author":[{"embeddable":true,"href":"https:\/\/infovera.com.ar\/web\/wp-json\/wp\/v2\/users\/3"}],"replies":[{"embeddable":true,"href":"https:\/\/infovera.com.ar\/web\/wp-json\/wp\/v2\/comments?post=29727"}],"version-history":[{"count":0,"href":"https:\/\/infovera.com.ar\/web\/wp-json\/wp\/v2\/posts\/29727\/revisions"}],"wp:featuredmedia":[{"embeddable":true,"href":"https:\/\/infovera.com.ar\/web\/wp-json\/wp\/v2\/media\/29728"}],"wp:attachment":[{"href":"https:\/\/infovera.com.ar\/web\/wp-json\/wp\/v2\/media?parent=29727"}],"wp:term":[{"taxonomy":"category","embeddable":true,"href":"https:\/\/infovera.com.ar\/web\/wp-json\/wp\/v2\/categories?post=29727"},{"taxonomy":"post_tag","embeddable":true,"href":"https:\/\/infovera.com.ar\/web\/wp-json\/wp\/v2\/tags?post=29727"}],"curies":[{"name":"wp","href":"https:\/\/api.w.org\/{rel}","templated":true}]}}