{"id":29723,"date":"2021-11-25T14:43:59","date_gmt":"2021-11-25T17:43:59","guid":{"rendered":"https:\/\/infovera.com.ar\/web\/?p=29723"},"modified":"2021-11-28T12:59:41","modified_gmt":"2021-11-28T15:59:41","slug":"poker-ilegal-allanaron-la-casa-de-un-profesor-de-margarita","status":"publish","type":"post","link":"https:\/\/infovera.com.ar\/web\/2021\/11\/25\/poker-ilegal-allanaron-la-casa-de-un-profesor-de-margarita\/","title":{"rendered":"P\u00f3ker ilegal: allanaron la casa de un profesor de Margarita"},"content":{"rendered":"<p>&nbsp;<\/p>\n<p><strong>En el marco de la causa por juego clandestino que hoy desemboc\u00f3 en <a href=\"https:\/\/infovera.com.ar\/web\/2021\/11\/25\/multiples-allanamientos-con-dos-detenidos-por-poker-clandestino\/\">12 allanamientos y dos detenciones en Carlos Paz y Reconquista<\/a>, agentes policiales por orden del fiscal Leandro Mai allanaron la vivienda de un profesor de Educaci\u00f3n F\u00edsica de Margarita.<\/strong><\/p>\n<p>Se trata de H. C., apuntado como socio de la organizaci\u00f3n dedicada a la captaci\u00f3n de apuesta ilegales para partidas de p\u00f3ker en forma presencial y virtual.<\/p>\n<p>No qued\u00f3 detenido porque no est\u00e1 considerado l\u00edder la banda, sino un reclutador, pero ser\u00e1 imputado en principio el jueves.<\/p>\n<p><img loading=\"lazy\" decoding=\"async\" class=\" wp-image-22351 aligncenter\" src=\"https:\/\/infovera.com.ar\/web\/wp-content\/uploads\/2021\/06\/ACOSTA-3-300x54.jpg\" alt=\"\" width=\"733\" height=\"132\" srcset=\"https:\/\/infovera.com.ar\/web\/wp-content\/uploads\/2021\/06\/ACOSTA-3-300x54.jpg 300w, https:\/\/infovera.com.ar\/web\/wp-content\/uploads\/2021\/06\/ACOSTA-3.jpg 670w\" sizes=\"auto, (max-width: 733px) 100vw, 733px\" \/><\/p>\n","protected":false},"excerpt":{"rendered":"<p>&nbsp; En el marco de la causa por juego clandestino que hoy desemboc\u00f3 en 12 allanamientos y dos detenciones en Carlos Paz y Reconquista, agentes policiales por orden del fiscal Leandro Mai allanaron la vivienda de un profesor de Educaci\u00f3n F\u00edsica de Margarita. Se trata de H. C., apuntado como socio de la organizaci\u00f3n dedicada [&hellip;]<\/p>\n","protected":false},"author":3,"featured_media":29708,"comment_status":"closed","ping_status":"closed","sticky":false,"template":"","format":"standard","meta":{"_joinchat":[],"footnotes":""},"categories":[54,30],"tags":[],"class_list":{"0":"post-29723","1":"post","2":"type-post","3":"status-publish","4":"format-standard","5":"has-post-thumbnail","7":"category-margarita","8":"category-policiales"},"_links":{"self":[{"href":"https:\/\/infovera.com.ar\/web\/wp-json\/wp\/v2\/posts\/29723","targetHints":{"allow":["GET"]}}],"collection":[{"href":"https:\/\/infovera.com.ar\/web\/wp-json\/wp\/v2\/posts"}],"about":[{"href":"https:\/\/infovera.com.ar\/web\/wp-json\/wp\/v2\/types\/post"}],"author":[{"embeddable":true,"href":"https:\/\/infovera.com.ar\/web\/wp-json\/wp\/v2\/users\/3"}],"replies":[{"embeddable":true,"href":"https:\/\/infovera.com.ar\/web\/wp-json\/wp\/v2\/comments?post=29723"}],"version-history":[{"count":0,"href":"https:\/\/infovera.com.ar\/web\/wp-json\/wp\/v2\/posts\/29723\/revisions"}],"wp:featuredmedia":[{"embeddable":true,"href":"https:\/\/infovera.com.ar\/web\/wp-json\/wp\/v2\/media\/29708"}],"wp:attachment":[{"href":"https:\/\/infovera.com.ar\/web\/wp-json\/wp\/v2\/media?parent=29723"}],"wp:term":[{"taxonomy":"category","embeddable":true,"href":"https:\/\/infovera.com.ar\/web\/wp-json\/wp\/v2\/categories?post=29723"},{"taxonomy":"post_tag","embeddable":true,"href":"https:\/\/infovera.com.ar\/web\/wp-json\/wp\/v2\/tags?post=29723"}],"curies":[{"name":"wp","href":"https:\/\/api.w.org\/{rel}","templated":true}]}}