{"id":29643,"date":"2021-11-23T10:00:26","date_gmt":"2021-11-23T13:00:26","guid":{"rendered":"https:\/\/infovera.com.ar\/web\/?p=29643"},"modified":"2021-11-23T11:22:57","modified_gmt":"2021-11-23T14:22:57","slug":"alumnos-cumplen-su-pasantia-e-ingresan-al-mercado-laboral","status":"publish","type":"post","link":"https:\/\/infovera.com.ar\/web\/2021\/11\/23\/alumnos-cumplen-su-pasantia-e-ingresan-al-mercado-laboral\/","title":{"rendered":"Alumnos cumplen su pasant\u00eda e ingresan al mercado laboral"},"content":{"rendered":"<p><strong>Despu\u00e9s de los avatares que atraves\u00f3 el sistema educativo, a ra\u00edz de la pandemia que puso a prueba la capacidad de trabajo con diversas instituciones, se pudo concretar el convenio de pasant\u00edas entre el ISPI N\u00b04019 \u201cSan Juan Bautista\u201d con la Municipalidad de Vera y la empresa Chemes.<\/strong><\/p>\n<p>A partir de las recomendaciones sanitarias, los alumnos de 2do. y 3er. A\u00f1o de la Tecnicatura \u201cT\u00e9cnico Superior en Soporte de Infraestructura de Tecnolog\u00eda de la Informaci\u00f3n\u201d pudieron llevar a cabo sus pasant\u00edas en distintas \u00e1reas de las instituciones; presentando informes semanales con su evoluci\u00f3n de trabajos controlados por la profesora Mariel Moretti, en Pr\u00e1cticas Profesionalizantes II y el profesor Ra\u00fal Baigorr\u00ed en Pr\u00e1cticas Profesionalizantes I.<\/p>\n<p>Cabe destacar que, como resultado del trabajo, finalizadas las pasant\u00edas un alumno ha sido contratado por el municipio local.<\/p>\n<p>\u201cDe esta manera el Instituto demuestra que, pese a las dificultades, el empe\u00f1o del cuerpo de profesores y los propios alumnos hicieron posible alcanzar la meta que nos hab\u00edamos fijado\u201d, se\u00f1al\u00f3 la profesora Mariel Moretti, a cargo de la materia espec\u00edfica\u00a0 que permiti\u00f3 la capacitaci\u00f3n de los egresados.<\/p>\n<p>\u201cAdem\u00e1s de la empresa Chemes y el Municipio, no queremos dejar de agradecer a las dem\u00e1s instituciones que nos facilitaron las pr\u00e1cticas de las pasant\u00edas, como el Centro de Jubilados y Pensionados Policiales, establecimientos educativos y la ONG \u201cEl semillero\u201d, agreg\u00f3.<\/p>\n<p>Letyana Press<\/p>\n","protected":false},"excerpt":{"rendered":"<p>Despu\u00e9s de los avatares que atraves\u00f3 el sistema educativo, a ra\u00edz de la pandemia que puso a prueba la capacidad de trabajo con diversas instituciones, se pudo concretar el convenio de pasant\u00edas entre el ISPI N\u00b04019 \u201cSan Juan Bautista\u201d con la Municipalidad de Vera y la empresa Chemes. A partir de las recomendaciones sanitarias, los [&hellip;]<\/p>\n","protected":false},"author":3,"featured_media":29644,"comment_status":"closed","ping_status":"closed","sticky":false,"template":"","format":"standard","meta":{"_joinchat":[],"footnotes":""},"categories":[53],"tags":[],"class_list":{"0":"post-29643","1":"post","2":"type-post","3":"status-publish","4":"format-standard","5":"has-post-thumbnail","7":"category-vera"},"_links":{"self":[{"href":"https:\/\/infovera.com.ar\/web\/wp-json\/wp\/v2\/posts\/29643","targetHints":{"allow":["GET"]}}],"collection":[{"href":"https:\/\/infovera.com.ar\/web\/wp-json\/wp\/v2\/posts"}],"about":[{"href":"https:\/\/infovera.com.ar\/web\/wp-json\/wp\/v2\/types\/post"}],"author":[{"embeddable":true,"href":"https:\/\/infovera.com.ar\/web\/wp-json\/wp\/v2\/users\/3"}],"replies":[{"embeddable":true,"href":"https:\/\/infovera.com.ar\/web\/wp-json\/wp\/v2\/comments?post=29643"}],"version-history":[{"count":0,"href":"https:\/\/infovera.com.ar\/web\/wp-json\/wp\/v2\/posts\/29643\/revisions"}],"wp:featuredmedia":[{"embeddable":true,"href":"https:\/\/infovera.com.ar\/web\/wp-json\/wp\/v2\/media\/29644"}],"wp:attachment":[{"href":"https:\/\/infovera.com.ar\/web\/wp-json\/wp\/v2\/media?parent=29643"}],"wp:term":[{"taxonomy":"category","embeddable":true,"href":"https:\/\/infovera.com.ar\/web\/wp-json\/wp\/v2\/categories?post=29643"},{"taxonomy":"post_tag","embeddable":true,"href":"https:\/\/infovera.com.ar\/web\/wp-json\/wp\/v2\/tags?post=29643"}],"curies":[{"name":"wp","href":"https:\/\/api.w.org\/{rel}","templated":true}]}}