{"id":29639,"date":"2021-11-23T10:21:49","date_gmt":"2021-11-23T13:21:49","guid":{"rendered":"https:\/\/infovera.com.ar\/web\/?p=29639"},"modified":"2021-11-23T17:52:48","modified_gmt":"2021-11-23T20:52:48","slug":"entro-al-monte-y-se-perdio-en-caraguatay","status":"publish","type":"post","link":"https:\/\/infovera.com.ar\/web\/2021\/11\/23\/entro-al-monte-y-se-perdio-en-caraguatay\/","title":{"rendered":"Entr\u00f3 al monte y se perdi\u00f3 en Caraguatay"},"content":{"rendered":"<p><strong>Anoche, a las 22, numerarios de la Comisar\u00eda Primera fueron comisionados al paraje Caraguatay a ra\u00edz de una solicitud de colaboraci\u00f3n de Los Pumas<\/strong> debido a haberse<br \/>\ntomado conocimiento que un joven de 23 a\u00f1os, domiciliado en esa lugar se adentr\u00f3 en monte y a esa hora no hab\u00eda regresado, por lo que sus familiares manifestaron que el joven se encontraba desorientado.<\/p>\n<p>Junto a vecinos del lugar, los agentes poliales emprendieron la b\u00fasqueda del mismo logrando ubicarlo en el interior del monte y luego trasladarlo hasta la ambulancia que se hallaba en zona urbana de ese medio a los fines de ser llevado al Hospital de Vera para su evaluaci\u00f3n y atenci\u00f3n medica.<\/p>\n<p><img loading=\"lazy\" decoding=\"async\" class=\" wp-image-22351 aligncenter\" src=\"https:\/\/infovera.com.ar\/web\/wp-content\/uploads\/2021\/06\/ACOSTA-3-300x54.jpg\" alt=\"\" width=\"739\" height=\"133\" srcset=\"https:\/\/infovera.com.ar\/web\/wp-content\/uploads\/2021\/06\/ACOSTA-3-300x54.jpg 300w, https:\/\/infovera.com.ar\/web\/wp-content\/uploads\/2021\/06\/ACOSTA-3.jpg 670w\" sizes=\"auto, (max-width: 739px) 100vw, 739px\" \/><\/p>\n","protected":false},"excerpt":{"rendered":"<p>Anoche, a las 22, numerarios de la Comisar\u00eda Primera fueron comisionados al paraje Caraguatay a ra\u00edz de una solicitud de colaboraci\u00f3n de Los Pumas debido a haberse tomado conocimiento que un joven de 23 a\u00f1os, domiciliado en esa lugar se adentr\u00f3 en monte y a esa hora no hab\u00eda regresado, por lo que sus familiares [&hellip;]<\/p>\n","protected":false},"author":3,"featured_media":29641,"comment_status":"closed","ping_status":"closed","sticky":false,"template":"","format":"standard","meta":{"_joinchat":[],"footnotes":""},"categories":[30,53],"tags":[],"class_list":{"0":"post-29639","1":"post","2":"type-post","3":"status-publish","4":"format-standard","5":"has-post-thumbnail","7":"category-policiales","8":"category-vera"},"_links":{"self":[{"href":"https:\/\/infovera.com.ar\/web\/wp-json\/wp\/v2\/posts\/29639","targetHints":{"allow":["GET"]}}],"collection":[{"href":"https:\/\/infovera.com.ar\/web\/wp-json\/wp\/v2\/posts"}],"about":[{"href":"https:\/\/infovera.com.ar\/web\/wp-json\/wp\/v2\/types\/post"}],"author":[{"embeddable":true,"href":"https:\/\/infovera.com.ar\/web\/wp-json\/wp\/v2\/users\/3"}],"replies":[{"embeddable":true,"href":"https:\/\/infovera.com.ar\/web\/wp-json\/wp\/v2\/comments?post=29639"}],"version-history":[{"count":0,"href":"https:\/\/infovera.com.ar\/web\/wp-json\/wp\/v2\/posts\/29639\/revisions"}],"wp:featuredmedia":[{"embeddable":true,"href":"https:\/\/infovera.com.ar\/web\/wp-json\/wp\/v2\/media\/29641"}],"wp:attachment":[{"href":"https:\/\/infovera.com.ar\/web\/wp-json\/wp\/v2\/media?parent=29639"}],"wp:term":[{"taxonomy":"category","embeddable":true,"href":"https:\/\/infovera.com.ar\/web\/wp-json\/wp\/v2\/categories?post=29639"},{"taxonomy":"post_tag","embeddable":true,"href":"https:\/\/infovera.com.ar\/web\/wp-json\/wp\/v2\/tags?post=29639"}],"curies":[{"name":"wp","href":"https:\/\/api.w.org\/{rel}","templated":true}]}}