{"id":29627,"date":"2021-11-20T12:04:36","date_gmt":"2021-11-20T15:04:36","guid":{"rendered":"https:\/\/infovera.com.ar\/web\/?p=29627"},"modified":"2021-11-20T12:04:36","modified_gmt":"2021-11-20T15:04:36","slug":"condenaron-a-un-ladron-por-hechos-contra-tres-comercios-de-reconquista","status":"publish","type":"post","link":"https:\/\/infovera.com.ar\/web\/2021\/11\/20\/condenaron-a-un-ladron-por-hechos-contra-tres-comercios-de-reconquista\/","title":{"rendered":"Condenaron a un ladr\u00f3n por hechos contra tres comercios\u00a0de\u00a0Reconquista"},"content":{"rendered":"<p><strong>Se trata de Facundo Ezequiel Aguilar, de 21 a\u00f1os, quien deber\u00e1 cumplir tres a\u00f1os de prisi\u00f3n efectiva. La pena fue impuesta por la jueza Claudia Bress\u00e1n en el marco de\u00a0un juicio\u00a0abreviado realizado en el nuevo edificio de los tribunales reconquistenses. El fiscal que estuvo a cargo de la investigaci\u00f3n es Leandro Mai.<\/strong><\/p>\n<p>Un\u00a0hombre de 21 a\u00f1os, identificado como Facundo Ezequiel Aguilar, fue condenado a tres a\u00f1os de prisi\u00f3n efectiva como autor de\u00a0entraderas cometidas en locales comerciales de\u00a0Reconquista.<\/p>\n<p>La sentencia fue dispuesta por la jueza Claudia Bress\u00e1n en el marco del primer juicio abreviado que se llev\u00f3 a\u00a0cabo en el nuevo edificio de los tribunales reconquistenses.\u00a0Se trat\u00f3 del primer juicio de este tipo llevado a cabo<\/p>\n<p>Por su parte, el fiscal Leandro Mai estuvo a cargo de la investigaci\u00f3n.\u00a0\u201cAguilar fue condenado a tres a\u00f1os de prisi\u00f3n de cumplimiento efectivo\u201d, valor\u00f3 el fiscal y aclar\u00f3 que\u00a0\u201csi bien tiene antecedentes penales condenatorios\u00a0y solicitamos que fuera declarado reincidente, la magistrada inform\u00f3 que se expedir\u00e1 al respecto en los fundamentos del fallo\u201d.<\/p>\n<p><strong>Hechos il\u00edcitos<\/strong><\/p>\n<p>\u201cEl condenado llev\u00f3 a cabo su accionar delictivo entre abril y agosto de este a\u00f1o\u201d, sostuvo el fiscal. \u201cEn una oportunidad, cometi\u00f3 un robo en el comedor de\u00a0un hotel que funciona en un inmueble\u00a0de calle Roca al 600 y es propiedad del c\u00edrculo de suboficiales de la Asociaci\u00f3n de la Fuerza A\u00e9rea de Reconquista\u201d, detall\u00f3.<\/p>\n<p>Relat\u00f3 que\u00a0\u201centre las 2:30 y las 3:00 de\u00a0la ma\u00f1ana, Aguilar perfor\u00f3 una ventana e ingres\u00f3 al local comercial\u00a0con la intenci\u00f3n de apoderarse de bienes ajenos\u201d.\u00a0En tal sentido, precis\u00f3 que \u201csustrajo\u00a011.000\u00a0pesos en efectivo y\u00a0ocho pendrives\u201d.<\/p>\n<p>Narr\u00f3 que\u00a0\u201cen otra ocasi\u00f3n,\u00a0el condenado\u00a0violent\u00f3 la puerta de\u00a0un\u00a0bar\u00a0localizado en calle\u00a0Habegger\u00a0al\u00a0700\u00a0y, una vez dentro, forz\u00f3 las cerraduras de varias cajas registradoras\u201d, y agreg\u00f3 que \u201cse llev\u00f3 250 pesos, que es todo el dinero que encontr\u00f3\u201d.<\/p>\n<p>A su vez, el fiscal cont\u00f3 que \u201cel hombre perpetr\u00f3 un hurto en un comercio de calle\u00a0General L\u00f3pez al 600\u201d. Afirm\u00f3 que \u201ctom\u00f3 7.000 pesos que estaban en una caja registradora y luego huy\u00f3 caminando\u201d, y explic\u00f3 que \u201cel hecho il\u00edcito fue\u00a0registrado por c\u00e1maras de seguridad\u00a0instaladas en el lugar\u201d.<\/p>\n<p><strong>Abreviado<\/strong><\/p>\n<p>El hombre de\u00a021\u00a0a\u00f1os reconoci\u00f3 su responsabilidad penal como autor\u00a0de los delitos de robo calificado (por la perforaci\u00f3n de la ventana de una dependencia inmediata\u00a0a\u00a0un lugar habitado); robo simple; y hurto.<\/p>\n<p>Seg\u00fan inform\u00f3 Mai,\u00a0\u201cla Defensa acept\u00f3 la atribuci\u00f3n delictiva que propusimos, la pena\u00a0impuesta\u00a0y la decisi\u00f3n de abreviar los procedimientos del juicio\u201d. A su vez, \u201clas v\u00edctimas\u00a0fueron notificadas sobre lo resuelto y brindaron su conformidad\u201d, agreg\u00f3.<\/p>\n<p><img loading=\"lazy\" decoding=\"async\" class=\" wp-image-22351 aligncenter\" src=\"https:\/\/infovera.com.ar\/web\/wp-content\/uploads\/2021\/06\/ACOSTA-3-300x54.jpg\" alt=\"\" width=\"733\" height=\"132\" srcset=\"https:\/\/infovera.com.ar\/web\/wp-content\/uploads\/2021\/06\/ACOSTA-3-300x54.jpg 300w, https:\/\/infovera.com.ar\/web\/wp-content\/uploads\/2021\/06\/ACOSTA-3.jpg 670w\" sizes=\"auto, (max-width: 733px) 100vw, 733px\" \/><\/p>\n","protected":false},"excerpt":{"rendered":"<p>Se trata de Facundo Ezequiel Aguilar, de 21 a\u00f1os, quien deber\u00e1 cumplir tres a\u00f1os de prisi\u00f3n efectiva. La pena fue impuesta por la jueza Claudia Bress\u00e1n en el marco de\u00a0un juicio\u00a0abreviado realizado en el nuevo edificio de los tribunales reconquistenses. El fiscal que estuvo a cargo de la investigaci\u00f3n es Leandro Mai. Un\u00a0hombre de 21 [&hellip;]<\/p>\n","protected":false},"author":3,"featured_media":28618,"comment_status":"closed","ping_status":"closed","sticky":false,"template":"","format":"standard","meta":{"_joinchat":[],"footnotes":""},"categories":[55],"tags":[],"class_list":{"0":"post-29627","1":"post","2":"type-post","3":"status-publish","4":"format-standard","5":"has-post-thumbnail","7":"category-reconquista"},"_links":{"self":[{"href":"https:\/\/infovera.com.ar\/web\/wp-json\/wp\/v2\/posts\/29627","targetHints":{"allow":["GET"]}}],"collection":[{"href":"https:\/\/infovera.com.ar\/web\/wp-json\/wp\/v2\/posts"}],"about":[{"href":"https:\/\/infovera.com.ar\/web\/wp-json\/wp\/v2\/types\/post"}],"author":[{"embeddable":true,"href":"https:\/\/infovera.com.ar\/web\/wp-json\/wp\/v2\/users\/3"}],"replies":[{"embeddable":true,"href":"https:\/\/infovera.com.ar\/web\/wp-json\/wp\/v2\/comments?post=29627"}],"version-history":[{"count":0,"href":"https:\/\/infovera.com.ar\/web\/wp-json\/wp\/v2\/posts\/29627\/revisions"}],"wp:featuredmedia":[{"embeddable":true,"href":"https:\/\/infovera.com.ar\/web\/wp-json\/wp\/v2\/media\/28618"}],"wp:attachment":[{"href":"https:\/\/infovera.com.ar\/web\/wp-json\/wp\/v2\/media?parent=29627"}],"wp:term":[{"taxonomy":"category","embeddable":true,"href":"https:\/\/infovera.com.ar\/web\/wp-json\/wp\/v2\/categories?post=29627"},{"taxonomy":"post_tag","embeddable":true,"href":"https:\/\/infovera.com.ar\/web\/wp-json\/wp\/v2\/tags?post=29627"}],"curies":[{"name":"wp","href":"https:\/\/api.w.org\/{rel}","templated":true}]}}