{"id":29576,"date":"2021-11-18T12:54:37","date_gmt":"2021-11-18T15:54:37","guid":{"rendered":"https:\/\/infovera.com.ar\/web\/?p=29576"},"modified":"2021-11-19T16:50:13","modified_gmt":"2021-11-19T19:50:13","slug":"el-sabado-se-conocerab-los-resultados-definitivos-de-la-eleccion-en-calchaqui","status":"publish","type":"post","link":"https:\/\/infovera.com.ar\/web\/2021\/11\/18\/el-sabado-se-conocerab-los-resultados-definitivos-de-la-eleccion-en-calchaqui\/","title":{"rendered":"El s\u00e1bado se conocer\u00e1n los resultados definitivos de la elecci\u00f3n en Calchaqu\u00ed"},"content":{"rendered":"<p><strong>La saga de las elecciones legislativas en Calchaqu\u00ed tendr\u00e1 su cap\u00edtulo final el s\u00e1bado (o en la noche del viernes, depende la velocidad que adquiera el recuento) cuando el Tribunal Electoral realice el escrutinio definitivo y se compute la mesa de extranjeros.<\/strong><\/p>\n<p>El secretario electoral Pablo Ayala indic\u00f3 que se escrutar\u00e1 mesa por mesa y se tabular\u00e1n los votos de la mesa de extranjeros, que son 4; de persistir el empate en votos entre el Frente de Todos y Juntos por el Cambio, la elecci\u00f3n se definir\u00e1 con el bolillero, en un sorteo donde el azar ser\u00e1 protagonista.<\/p>\n<p>El turno del departamento Vera es el \u00faltimo debido a que se procede por orden alfab\u00e9tico, por que viernes a la noche o s\u00e1bado a la ma\u00f1ana el Tribunal Electoral se abocar\u00e1 a los 13 distritos verense, entre los que est\u00e1 Calchaqu\u00ed.<\/p>\n<p>A todo esto, fuentes del oficialismo consultadas por InfoVera deslizaron que &#8220;hablamos con los colombianos y nos dijeron que la votaron a &#8220;la doctora&#8221; (Graciela Hetze, la candidata que encabez\u00f3 a lista del FdT) en forma de agradecimiento por el apoyo que le dimos a uno de ellos cuando era t\u00e9cnico de la reserva de Carlos Gardel&#8221;.<\/p>\n<p>Tambi\u00e9n es verdad que sea cual fuere el resultado final, Juntos por el Cambio tiene derecho a festejar una elecci\u00f3n en la que en base a militancia y contacto con la gente logr\u00f3 empardar en votos al PJ.<\/p>\n<p>A su vez, el peronismo ironiza con que &#8220;si ganamos \u00e9sta, va a ser la primera vez que ganemos una elecci\u00f3n intermedia; desde 2009 nunca ganamos en las legislativas&#8221;.<\/p>\n","protected":false},"excerpt":{"rendered":"<p>La saga de las elecciones legislativas en Calchaqu\u00ed tendr\u00e1 su cap\u00edtulo final el s\u00e1bado (o en la noche del viernes, depende la velocidad que adquiera el recuento) cuando el Tribunal Electoral realice el escrutinio definitivo y se compute la mesa de extranjeros. El secretario electoral Pablo Ayala indic\u00f3 que se escrutar\u00e1 mesa por mesa y [&hellip;]<\/p>\n","protected":false},"author":3,"featured_media":29558,"comment_status":"closed","ping_status":"closed","sticky":false,"template":"","format":"standard","meta":{"_joinchat":[],"footnotes":""},"categories":[66],"tags":[],"class_list":{"0":"post-29576","1":"post","2":"type-post","3":"status-publish","4":"format-standard","5":"has-post-thumbnail","7":"category-politica"},"_links":{"self":[{"href":"https:\/\/infovera.com.ar\/web\/wp-json\/wp\/v2\/posts\/29576","targetHints":{"allow":["GET"]}}],"collection":[{"href":"https:\/\/infovera.com.ar\/web\/wp-json\/wp\/v2\/posts"}],"about":[{"href":"https:\/\/infovera.com.ar\/web\/wp-json\/wp\/v2\/types\/post"}],"author":[{"embeddable":true,"href":"https:\/\/infovera.com.ar\/web\/wp-json\/wp\/v2\/users\/3"}],"replies":[{"embeddable":true,"href":"https:\/\/infovera.com.ar\/web\/wp-json\/wp\/v2\/comments?post=29576"}],"version-history":[{"count":0,"href":"https:\/\/infovera.com.ar\/web\/wp-json\/wp\/v2\/posts\/29576\/revisions"}],"wp:featuredmedia":[{"embeddable":true,"href":"https:\/\/infovera.com.ar\/web\/wp-json\/wp\/v2\/media\/29558"}],"wp:attachment":[{"href":"https:\/\/infovera.com.ar\/web\/wp-json\/wp\/v2\/media?parent=29576"}],"wp:term":[{"taxonomy":"category","embeddable":true,"href":"https:\/\/infovera.com.ar\/web\/wp-json\/wp\/v2\/categories?post=29576"},{"taxonomy":"post_tag","embeddable":true,"href":"https:\/\/infovera.com.ar\/web\/wp-json\/wp\/v2\/tags?post=29576"}],"curies":[{"name":"wp","href":"https:\/\/api.w.org\/{rel}","templated":true}]}}