{"id":29551,"date":"2021-11-18T10:44:53","date_gmt":"2021-11-18T13:44:53","guid":{"rendered":"https:\/\/infovera.com.ar\/web\/?p=29551"},"modified":"2021-11-18T10:44:53","modified_gmt":"2021-11-18T13:44:53","slug":"se-rompio-el-acueducto-y-habra-servicio-de-emergencia-por-48-horas","status":"publish","type":"post","link":"https:\/\/infovera.com.ar\/web\/2021\/11\/18\/se-rompio-el-acueducto-y-habra-servicio-de-emergencia-por-48-horas\/","title":{"rendered":"Se rompi\u00f3 el acueducto y habr\u00e1 servicio de emergencia por 48 horas"},"content":{"rendered":"<p><strong>La Cooperativa de Provisi\u00f3n, de Obras y Servicios P\u00fablicos de Vera (Co.S.Ve.L.), \u00a0informa a sus usuarios que desde Aguas Santafesinas S.A.,<\/strong> se ha comunicado que debido a la necesidad de efectuar una reparaci\u00f3n de emergencia en el acueducto que transporta agua cruda desde Puerto Reconquista hasta la Planta Potabilizadora, a partir de hoy jueves 18 de noviembre, desde las 7, se interrumpi\u00f3 el servicio a los distintos Centros de Distribuci\u00f3n por un plazo de aproximadamente 48 horas.<\/p>\n<p>Por lo que durante ese periodo se abastecer\u00e1 de agua potable a la localidad con el sistema de captaciones subterr\u00e1neas propias de la Cooperativa.<\/p>\n<p>Desde ya. la Cooperativa pide disculpas por los inconvenientes que se puedan suceder ante esta situaci\u00f3n ajena a la entidad.<\/p>\n","protected":false},"excerpt":{"rendered":"<p>La Cooperativa de Provisi\u00f3n, de Obras y Servicios P\u00fablicos de Vera (Co.S.Ve.L.), \u00a0informa a sus usuarios que desde Aguas Santafesinas S.A., se ha comunicado que debido a la necesidad de efectuar una reparaci\u00f3n de emergencia en el acueducto que transporta agua cruda desde Puerto Reconquista hasta la Planta Potabilizadora, a partir de hoy jueves 18 [&hellip;]<\/p>\n","protected":false},"author":3,"featured_media":29552,"comment_status":"closed","ping_status":"closed","sticky":false,"template":"","format":"standard","meta":{"_joinchat":[],"footnotes":""},"categories":[56],"tags":[],"class_list":{"0":"post-29551","1":"post","2":"type-post","3":"status-publish","4":"format-standard","5":"has-post-thumbnail","7":"category-destacados"},"_links":{"self":[{"href":"https:\/\/infovera.com.ar\/web\/wp-json\/wp\/v2\/posts\/29551","targetHints":{"allow":["GET"]}}],"collection":[{"href":"https:\/\/infovera.com.ar\/web\/wp-json\/wp\/v2\/posts"}],"about":[{"href":"https:\/\/infovera.com.ar\/web\/wp-json\/wp\/v2\/types\/post"}],"author":[{"embeddable":true,"href":"https:\/\/infovera.com.ar\/web\/wp-json\/wp\/v2\/users\/3"}],"replies":[{"embeddable":true,"href":"https:\/\/infovera.com.ar\/web\/wp-json\/wp\/v2\/comments?post=29551"}],"version-history":[{"count":0,"href":"https:\/\/infovera.com.ar\/web\/wp-json\/wp\/v2\/posts\/29551\/revisions"}],"wp:featuredmedia":[{"embeddable":true,"href":"https:\/\/infovera.com.ar\/web\/wp-json\/wp\/v2\/media\/29552"}],"wp:attachment":[{"href":"https:\/\/infovera.com.ar\/web\/wp-json\/wp\/v2\/media?parent=29551"}],"wp:term":[{"taxonomy":"category","embeddable":true,"href":"https:\/\/infovera.com.ar\/web\/wp-json\/wp\/v2\/categories?post=29551"},{"taxonomy":"post_tag","embeddable":true,"href":"https:\/\/infovera.com.ar\/web\/wp-json\/wp\/v2\/tags?post=29551"}],"curies":[{"name":"wp","href":"https:\/\/api.w.org\/{rel}","templated":true}]}}