{"id":29518,"date":"2021-11-16T12:00:58","date_gmt":"2021-11-16T15:00:58","guid":{"rendered":"https:\/\/infovera.com.ar\/web\/?p=29518"},"modified":"2021-11-16T12:00:58","modified_gmt":"2021-11-16T15:00:58","slug":"pablo-javkin-se-saco-una-foto-sugestiva-con-dionisio-scarpin-y-hablo-de-armar-nuevos-frentes","status":"publish","type":"post","link":"https:\/\/infovera.com.ar\/web\/2021\/11\/16\/pablo-javkin-se-saco-una-foto-sugestiva-con-dionisio-scarpin-y-hablo-de-armar-nuevos-frentes\/","title":{"rendered":"Pablo Javkin se sac\u00f3 una foto sugestiva con Dionisio Scarpin y habl\u00f3 de armar &#8220;nuevos frentes&#8221;"},"content":{"rendered":"<p><strong>El intendente rosarino, principal referente territorial del Frente Progresista, se encontr\u00f3 con el referente de Juntos por el Cambio y mand\u00f3 un mensaje a la oposici\u00f3n.<\/strong><\/p>\n<p>Poco m\u00e1s de 12 horas despu\u00e9s del cierre de los comicios ya se empezaron a mover con rapidez las fichas en el tablero pol\u00edtico santafesino. El intendente Pablo Javkin, el principal referente territorial del Frente Progresista, plante\u00f3 que \u201chay que crear frentes nuevos y m\u00e1s amplios\u201d.<\/p>\n<p>Entrevistado en De 12 a 14 junto a Ciro Seisas y\u00a0consultado sobre una selfie con el senador electo por\u00a0Juntos por el Cambio\u00a0Dionisio Scarpin, el intendente rosarino mand\u00f3 un mensaje a todo el campo no peronista. Dijo que es necesario \u201cconstruir experiencias nuevas, frentes m\u00e1s amplios, m\u00e1s diversos\u201d, que recojan la experiencia del FAP pero \u201cest\u00e9n abiertos\u201d.<\/p>\n<p>En contacto con\u00a0La Capital,\u00a0Scarpin reconoci\u00f3 que hace tiempo que vienen hablando con Javkin esa posibilidad, que a su entender la elecci\u00f3n del domingo reafirm\u00f3.\u00a0\u201cEl mensaje de la gente es que hay que construir un frente opositor que permita ganar la provincia en 2023, y Pablo es el intendente de Rosario, es un factor importante para crear algo nuevo\u201d, se\u00f1al\u00f3 el intendente de Avellaneda.<\/p>\n<p>Pese a estar enrolado en el FAP,\u00a0Javkin tiene v\u00ednculo fluido con varios campamentos de Juntos por el Cambio, tanto nacionales como provinciales. Incluso en plena campa\u00f1a electoral, el titular del Palacio de los Leones engros\u00f3 su \u00e1lbum con fotos con Facundo Manes, Mart\u00edn Lousteau, Carolina Losada, Anita Mart\u00ednez -con quien protagoniz\u00f3 despu\u00e9s un \u00e1spero cruce en redes sociales por un incidente que involucr\u00f3 a un hijo de la concejala-, Roy L\u00f3pez Molina, Jos\u00e9 Corral y Maximiliano Pullaro.<\/p>\n<p>Precisamente, el jefe del bloque Evoluci\u00f3n en la C\u00e1mara de Diputados de la provincia tuvo varios encuentros con Javkin, en los que se habl\u00f3 de cuestiones legislativas -como la rosca del presupuesto provincial 2022- pero tambi\u00e9n de pol\u00edtica. \u201cNo quer\u00edamos mezclar lo electoral, porque \u00e9l estaba con Clara (Garc\u00eda) y nosotros con Carolina\u201d, dijo a este diario.<\/p>\n<p>Las elecciones de medio t\u00e9rmino ubicaron a Javkin en el bando de los ganadores pero la escasa diferencia con el Frente de Todos seguramente encendi\u00f3 una luz amarilla en su tablero de control. M\u00e1s, despu\u00e9s de que se confirm\u00f3 en la provincia un escenario bipolar -no asfixiante, pero bipolar al fin- y donde cada vez hay menos espacio para terceras fuerzas.<\/p>\n<p>\u201cTodos quienes creen que hay que superar al kirchnerismo en la provincia y a nivel nacional tenemos que hacer el esfuerzo para estar juntos, despu\u00e9s se ver\u00e1n los actores. Ojal\u00e1 que entren el socialismo, Javkin, incluso sectores justicialistas no kirchneristas\u201d, indic\u00f3 Pullaro. En su hoja de ruta, primero viene la definici\u00f3n de los pilares de un programa de gobierno -seguridad, educaci\u00f3n, salud, infraestructura-, despu\u00e9s los socios y por \u00faltimo las candidaturas.<\/p>\n<p>Scarpin abri\u00f3 la puerta a un cambio de marca. \u201cHay que hacer una construcci\u00f3n colectiva m\u00e1s amplia, y a veces otro nombre te lo permite\u201d, dijo el alcalde, que sugiri\u00f3 observar lo que sucede en otras provincias. En Mendoza, por caso, la coalici\u00f3n (que incluye al socialismo) se llama Cambia Mendoza; en Corrientes, Encuentro por Corrientes.<\/p>\n<p>En esa ecuaci\u00f3n, Scarpin reconoci\u00f3 charlas con Pablo Far\u00edas, presidente de la C\u00e1mara baja provincial, y subray\u00f3 que \u201clos 12 o 13 puntos que tiene el socialismo son muy importantes para lo que viene\u201d.<\/p>\n<p>Adem\u00e1s de repartir las bancas en el Congreso, las elecciones de medio t\u00e9rmino abrieron la carrera por la gobernaci\u00f3n. En ella podr\u00edan anotarse tanto Pullaro como Scarpin, pero ambos evitan hablar de candidaturas cuando faltan casi dos a\u00f1os para las elecciones.<\/p>\n<p><strong>Decisiones<\/strong><\/p>\n<p>En el socialismo se muestran cautos. Consultados por este diario, desde el v\u00e9rtice del partido de la rosa dijeron que es un momento para decodificar los resultados de las elecciones y no de avanzar con las estrategias electorales para dentro de dos a\u00f1os.<\/p>\n<p>\u201cNos parece apresurado avanzar en armados de esas caracter\u00edsticas. No nos asusta la posibilidad de un frente, pero nos vamos a aventurar en una decisi\u00f3n sin saber con qui\u00e9n y con qu\u00e9 programa de gobierno. No creemos en rejuntes electorales que sirven para ganar una elecci\u00f3n pero no para gobernar\u201d, dijo un integrante de la mesa chica del PS santafesino.<\/p>\n<p>Fallecido Miguel Lifschitz, su principal candidato y l\u00edder pol\u00edtico, el socialismo celebra haber conseguido los dos objetivos que se propusieron para este turno electoral -conseguir la banca de Diputados para M\u00f3nica Fein y posicionar a Clara Garc\u00eda- pero enfrenta un futuro cargado de dilemas y en donde no abundan las decisiones pol\u00edticas f\u00e1ciles.<\/p>\n<p>Fuente: La Capital<\/p>\n","protected":false},"excerpt":{"rendered":"<p>El intendente rosarino, principal referente territorial del Frente Progresista, se encontr\u00f3 con el referente de Juntos por el Cambio y mand\u00f3 un mensaje a la oposici\u00f3n. Poco m\u00e1s de 12 horas despu\u00e9s del cierre de los comicios ya se empezaron a mover con rapidez las fichas en el tablero pol\u00edtico santafesino. El intendente Pablo Javkin, [&hellip;]<\/p>\n","protected":false},"author":3,"featured_media":29519,"comment_status":"closed","ping_status":"closed","sticky":false,"template":"","format":"standard","meta":{"_joinchat":[],"footnotes":""},"categories":[66],"tags":[],"class_list":{"0":"post-29518","1":"post","2":"type-post","3":"status-publish","4":"format-standard","5":"has-post-thumbnail","7":"category-politica"},"_links":{"self":[{"href":"https:\/\/infovera.com.ar\/web\/wp-json\/wp\/v2\/posts\/29518","targetHints":{"allow":["GET"]}}],"collection":[{"href":"https:\/\/infovera.com.ar\/web\/wp-json\/wp\/v2\/posts"}],"about":[{"href":"https:\/\/infovera.com.ar\/web\/wp-json\/wp\/v2\/types\/post"}],"author":[{"embeddable":true,"href":"https:\/\/infovera.com.ar\/web\/wp-json\/wp\/v2\/users\/3"}],"replies":[{"embeddable":true,"href":"https:\/\/infovera.com.ar\/web\/wp-json\/wp\/v2\/comments?post=29518"}],"version-history":[{"count":0,"href":"https:\/\/infovera.com.ar\/web\/wp-json\/wp\/v2\/posts\/29518\/revisions"}],"wp:featuredmedia":[{"embeddable":true,"href":"https:\/\/infovera.com.ar\/web\/wp-json\/wp\/v2\/media\/29519"}],"wp:attachment":[{"href":"https:\/\/infovera.com.ar\/web\/wp-json\/wp\/v2\/media?parent=29518"}],"wp:term":[{"taxonomy":"category","embeddable":true,"href":"https:\/\/infovera.com.ar\/web\/wp-json\/wp\/v2\/categories?post=29518"},{"taxonomy":"post_tag","embeddable":true,"href":"https:\/\/infovera.com.ar\/web\/wp-json\/wp\/v2\/tags?post=29518"}],"curies":[{"name":"wp","href":"https:\/\/api.w.org\/{rel}","templated":true}]}}