{"id":29502,"date":"2021-11-15T18:52:04","date_gmt":"2021-11-15T21:52:04","guid":{"rendered":"https:\/\/infovera.com.ar\/web\/?p=29502"},"modified":"2021-11-15T18:52:04","modified_gmt":"2021-11-15T21:52:04","slug":"juntos-por-el-cambio-remonto-y-gano-en-el-departamento-vera","status":"publish","type":"post","link":"https:\/\/infovera.com.ar\/web\/2021\/11\/15\/juntos-por-el-cambio-remonto-y-gano-en-el-departamento-vera\/","title":{"rendered":"Juntos por el Cambio remont\u00f3 y gan\u00f3 en el departamento Vera"},"content":{"rendered":"<p><strong>Luego de haber salido segundo en la Paso, Juntos por el Cambio revirti\u00f3 aquellos n\u00fameros negativos y en la elecci\u00f3n general se impuso con el 39,42%, o sea 11.898 en Senadores, y con el 39,33% en Diputados.<\/strong><\/p>\n<p>Segundo se ubic\u00f3 el Frente de Todos, que hab\u00eda sido el partido m\u00e1s votada en las primarias, con el 35,92%, 10.841 votos.<\/p>\n<p>En tercer lugar qued\u00f3 el Frente Amplio Progresista, con el 10,05%, 3.033 votos; y luego, m\u00e1s abajo, se anotaron:<\/p>\n<div class=\"InfoAgrupacion__BigContainer-gkcBeC ikrLMd\">\n<div class=\"InfoAgrupacion__Container-dqzjKW jqFnUt\">\n<div class=\"bloque flex\">\n<div class=\"InfoAgrupacion__Logo-iEflFG hCENnT\">\n<div class=\"logo\"><img decoding=\"async\" class=\"logo\" src=\"https:\/\/resultados.gob.ar\/assets\/img\/logosPartidos\/210507.png\" alt=\"\" \/><\/div>\n<\/div>\n<div class=\"InfoAgrupacion__Contenido-huLckG bByeTM\">\n<div class=\"InfoAgrupacion__Up-QkgZw cgylyo  up\">\n<div class=\"titleNombreTerr nombreTerr\">SOBERANIA POPULAR<\/div>\n<div class=\"InfoAgrupacion__Datos-dUNwsY eWhXxi agr flex\">\n<div class=\"porcAgr\">7,10%<\/div>\n<div class=\"numAgr\">2.145<\/div>\n<\/div>\n<\/div>\n<div class=\"InfoAgrupacion__Down-lfxbSf eBdUSm down\">\n<div class=\"barra-progreso BarraProgreso__BarraProgresoStyled-gSemFL ghVmVp\">\n<div class=\"barra-progreso_background-barra\">\n<div class=\"BarraProgreso__Bar-dBBaHC LyXlw barra-progreso_barra\"><\/div>\n<\/div>\n<\/div>\n<\/div>\n<\/div>\n<\/div>\n<\/div>\n<\/div>\n<div class=\"InfoAgrupacion__BigContainer-gkcBeC ikrLMd\">\n<div class=\"InfoAgrupacion__Container-dqzjKW jqFnUt\">\n<div class=\"DivAccesible__Accesibilidad-ftOwcv iZKOkw\" tabindex=\"0\" aria-label=\"Agrupaci\u00f3n UNITE POR LA LIBERTAD Y LA DIGNIDAD 2.62%\" aria-hidden=\"false\"><\/div>\n<div class=\"bloque flex\">\n<div class=\"InfoAgrupacion__Logo-iEflFG hCENnT\">\n<div class=\"logo\"><img decoding=\"async\" class=\"logo\" src=\"https:\/\/resultados.gob.ar\/assets\/img\/logosPartidos\/210087.png\" alt=\"\" \/><\/div>\n<\/div>\n<div class=\"InfoAgrupacion__Contenido-huLckG bByeTM\">\n<div class=\"InfoAgrupacion__Up-QkgZw cgylyo  up\">\n<div class=\"titleNombreTerr nombreTerr\">UNITE POR LA LIBERTAD Y LA DIGNIDAD<\/div>\n<div class=\"InfoAgrupacion__Datos-dUNwsY eWhXxi agr flex\">\n<div class=\"porcAgr\">2,62%<\/div>\n<div class=\"numAgr\">793<\/div>\n<\/div>\n<\/div>\n<div class=\"InfoAgrupacion__Down-lfxbSf eBdUSm down\">\n<div class=\"barra-progreso BarraProgreso__BarraProgresoStyled-gSemFL ghVmVp\">\n<div class=\"barra-progreso_background-barra\">\n<div class=\"BarraProgreso__Bar-dBBaHC bREtCI barra-progreso_barra\"><\/div>\n<\/div>\n<\/div>\n<\/div>\n<\/div>\n<\/div>\n<\/div>\n<\/div>\n<div class=\"InfoAgrupacion__BigContainer-gkcBeC ikrLMd\">\n<div class=\"InfoAgrupacion__Container-dqzjKW jqFnUt\">\n<div class=\"DivAccesible__Accesibilidad-ftOwcv iZKOkw\" tabindex=\"0\" aria-label=\"Agrupaci\u00f3n SOMOS FUTURO 1.42%\" aria-hidden=\"false\"><\/div>\n<div class=\"bloque flex\">\n<div class=\"InfoAgrupacion__Logo-iEflFG hCENnT\">\n<div class=\"logo\"><img decoding=\"async\" class=\"logo\" src=\"https:\/\/resultados.gob.ar\/assets\/img\/logosPartidos\/210505.png\" alt=\"\" \/><\/div>\n<\/div>\n<div class=\"InfoAgrupacion__Contenido-huLckG bByeTM\">\n<div class=\"InfoAgrupacion__Up-QkgZw cgylyo  up\">\n<div class=\"titleNombreTerr nombreTerr\">SOMOS FUTURO<\/div>\n<div class=\"InfoAgrupacion__Datos-dUNwsY eWhXxi agr flex\">\n<div class=\"porcAgr\">1,42%<\/div>\n<div class=\"numAgr\">430<\/div>\n<\/div>\n<\/div>\n<div class=\"InfoAgrupacion__Down-lfxbSf eBdUSm down\">\n<div class=\"barra-progreso BarraProgreso__BarraProgresoStyled-gSemFL ghVmVp\">\n<div class=\"barra-progreso_background-barra\">\n<div class=\"BarraProgreso__Bar-dBBaHC fUzDAk barra-progreso_barra\"><\/div>\n<\/div>\n<\/div>\n<\/div>\n<\/div>\n<\/div>\n<\/div>\n<\/div>\n<div class=\"InfoAgrupacion__BigContainer-gkcBeC ikrLMd\">\n<div class=\"InfoAgrupacion__Container-dqzjKW jqFnUt\">\n<div class=\"DivAccesible__Accesibilidad-ftOwcv iZKOkw\" tabindex=\"0\" aria-label=\"Agrupaci\u00f3n PRIMERO SANTA FE 1.32%\" aria-hidden=\"false\"><\/div>\n<div class=\"bloque flex\">\n<div class=\"InfoAgrupacion__Logo-iEflFG hCENnT\">\n<div class=\"logo\"><img decoding=\"async\" class=\"logo\" src=\"https:\/\/resultados.gob.ar\/assets\/img\/logosPartidos\/210504.png\" alt=\"\" \/><\/div>\n<\/div>\n<div class=\"InfoAgrupacion__Contenido-huLckG bByeTM\">\n<div class=\"InfoAgrupacion__Up-QkgZw cgylyo  up\">\n<div class=\"titleNombreTerr nombreTerr\">PRIMERO SANTA FE<\/div>\n<div class=\"InfoAgrupacion__Datos-dUNwsY eWhXxi agr flex\">\n<div class=\"porcAgr\">1,32%<\/div>\n<div class=\"numAgr\">401<\/div>\n<\/div>\n<\/div>\n<div class=\"InfoAgrupacion__Down-lfxbSf eBdUSm down\">\n<div class=\"barra-progreso BarraProgreso__BarraProgresoStyled-gSemFL ghVmVp\">\n<div class=\"barra-progreso_background-barra\">\n<div class=\"BarraProgreso__Bar-dBBaHC bfgwKs barra-progreso_barra\"><\/div>\n<\/div>\n<\/div>\n<\/div>\n<\/div>\n<\/div>\n<\/div>\n<\/div>\n<div class=\"InfoAgrupacion__BigContainer-gkcBeC ikrLMd\">\n<div class=\"InfoAgrupacion__Container-dqzjKW jqFnUt\">\n<div class=\"DivAccesible__Accesibilidad-ftOwcv iZKOkw\" tabindex=\"0\" aria-label=\"Agrupaci\u00f3n FRENTE DE IZQUIERDA Y DE TRABAJADORES - UNIDAD 1.12%\" aria-hidden=\"false\"><\/div>\n<div class=\"bloque flex\">\n<div class=\"InfoAgrupacion__Logo-iEflFG hCENnT\">\n<div class=\"logo\"><img decoding=\"async\" class=\"logo\" src=\"https:\/\/resultados.gob.ar\/assets\/img\/logosPartidos\/210502.png\" alt=\"\" \/><\/div>\n<\/div>\n<div class=\"InfoAgrupacion__Contenido-huLckG bByeTM\">\n<div class=\"InfoAgrupacion__Up-QkgZw cgylyo  up\">\n<div class=\"titleNombreTerr nombreTerr\">FRENTE DE IZQUIERDA Y DE TRABAJADORES &#8211; UNIDAD<\/div>\n<div class=\"InfoAgrupacion__Datos-dUNwsY eWhXxi agr flex\">\n<div class=\"porcAgr\">1,12%<\/div>\n<div class=\"numAgr\">339<\/div>\n<\/div>\n<\/div>\n<div class=\"InfoAgrupacion__Down-lfxbSf eBdUSm down\">\n<div class=\"barra-progreso BarraProgreso__BarraProgresoStyled-gSemFL ghVmVp\">\n<div class=\"barra-progreso_background-barra\">\n<div class=\"BarraProgreso__Bar-dBBaHC cgyqSs barra-progreso_barra\"><\/div>\n<\/div>\n<\/div>\n<\/div>\n<\/div>\n<\/div>\n<\/div>\n<\/div>\n<div class=\"InfoAgrupacion__BigContainer-gkcBeC ikrLMd\">\n<div class=\"InfoAgrupacion__Container-dqzjKW jqFnUt\">\n<div class=\"DivAccesible__Accesibilidad-ftOwcv iZKOkw\" tabindex=\"0\" aria-label=\"Agrupaci\u00f3n PODEMOS 0.98%\" aria-hidden=\"false\"><\/div>\n<div class=\"bloque flex\">\n<div class=\"InfoAgrupacion__Logo-iEflFG hCENnT\">\n<div class=\"logo\"><img decoding=\"async\" class=\"logo\" src=\"https:\/\/resultados.gob.ar\/assets\/img\/logosPartidos\/210506.png\" alt=\"\" \/><\/div>\n<\/div>\n<div class=\"InfoAgrupacion__Contenido-huLckG bByeTM\">\n<div class=\"InfoAgrupacion__Up-QkgZw cgylyo  up\">\n<div class=\"titleNombreTerr nombreTerr\">PODEMOS<\/div>\n<div class=\"InfoAgrupacion__Datos-dUNwsY eWhXxi agr flex\">\n<div class=\"porcAgr\">0,98%<\/div>\n<div class=\"numAgr\">297<\/div>\n<\/div>\n<\/div>\n<div class=\"InfoAgrupacion__Down-lfxbSf eBdUSm down\">\n<div class=\"barra-progreso BarraProgreso__BarraProgresoStyled-gSemFL ghVmVp\">\n<div class=\"barra-progreso_background-barra\"><\/div>\n<\/div>\n<\/div>\n<\/div>\n<\/div>\n<\/div>\n<\/div>\n","protected":false},"excerpt":{"rendered":"<p>Luego de haber salido segundo en la Paso, Juntos por el Cambio revirti\u00f3 aquellos n\u00fameros negativos y en la elecci\u00f3n general se impuso con el 39,42%, o sea 11.898 en Senadores, y con el 39,33% en Diputados. Segundo se ubic\u00f3 el Frente de Todos, que hab\u00eda sido el partido m\u00e1s votada en las primarias, con [&hellip;]<\/p>\n","protected":false},"author":3,"featured_media":29508,"comment_status":"closed","ping_status":"closed","sticky":false,"template":"","format":"standard","meta":{"_joinchat":[],"footnotes":""},"categories":[66],"tags":[],"class_list":{"0":"post-29502","1":"post","2":"type-post","3":"status-publish","4":"format-standard","5":"has-post-thumbnail","7":"category-politica"},"_links":{"self":[{"href":"https:\/\/infovera.com.ar\/web\/wp-json\/wp\/v2\/posts\/29502","targetHints":{"allow":["GET"]}}],"collection":[{"href":"https:\/\/infovera.com.ar\/web\/wp-json\/wp\/v2\/posts"}],"about":[{"href":"https:\/\/infovera.com.ar\/web\/wp-json\/wp\/v2\/types\/post"}],"author":[{"embeddable":true,"href":"https:\/\/infovera.com.ar\/web\/wp-json\/wp\/v2\/users\/3"}],"replies":[{"embeddable":true,"href":"https:\/\/infovera.com.ar\/web\/wp-json\/wp\/v2\/comments?post=29502"}],"version-history":[{"count":0,"href":"https:\/\/infovera.com.ar\/web\/wp-json\/wp\/v2\/posts\/29502\/revisions"}],"wp:featuredmedia":[{"embeddable":true,"href":"https:\/\/infovera.com.ar\/web\/wp-json\/wp\/v2\/media\/29508"}],"wp:attachment":[{"href":"https:\/\/infovera.com.ar\/web\/wp-json\/wp\/v2\/media?parent=29502"}],"wp:term":[{"taxonomy":"category","embeddable":true,"href":"https:\/\/infovera.com.ar\/web\/wp-json\/wp\/v2\/categories?post=29502"},{"taxonomy":"post_tag","embeddable":true,"href":"https:\/\/infovera.com.ar\/web\/wp-json\/wp\/v2\/tags?post=29502"}],"curies":[{"name":"wp","href":"https:\/\/api.w.org\/{rel}","templated":true}]}}