{"id":29417,"date":"2021-11-14T18:34:02","date_gmt":"2021-11-14T21:34:02","guid":{"rendered":"https:\/\/infovera.com.ar\/web\/?p=29417"},"modified":"2021-11-15T14:27:36","modified_gmt":"2021-11-15T17:27:36","slug":"cerro-el-acto-electoral-sin-problemas-pero-con-baja-concurrencia","status":"publish","type":"post","link":"https:\/\/infovera.com.ar\/web\/2021\/11\/14\/cerro-el-acto-electoral-sin-problemas-pero-con-baja-concurrencia\/","title":{"rendered":"Cerr\u00f3 el acto electoral sin problemas pero con baja concurrencia"},"content":{"rendered":"<p><strong>A las 18 culmin\u00f3 la elecci\u00f3n general para cargos legislativos en toda la provincia, sin inconvenientes pero con una afluencia de votantes menor a la esperada, seguramente debido a la lluvia.\u00a0<\/strong><\/p>\n<p>El total de ciudadanos que emitieron su voto fue de 63,08 en todo el departamento Vera.<\/p>\n<p>Todos los candidatos esperar\u00e1n los resultados en su locales partidarios donde montaron centros de c\u00f3mputos.<\/p>\n<p>Los primeros datos podr\u00edan estar cerca de las 19.<\/p>\n<p>La foto que ilustra esta nota corresponde al departamento General Obligado, donde se pudo dar comienzo a los comicios con total normalidad y gracias al esfuerzo de los efectivos para llegar a las escuelas donde solo lo pod\u00edan hacer caminando.<\/p>\n<p>Por ejemplo, el personal dispuesto en la Escuela 531 \u201cGral. N. Necochea&#8221;, ubicada en el KM 41, quienes tuvieron que recorrer m\u00e1s de 10 kil\u00f3metros bajo la lluvia de forma pedestre, debido al estado de los caminos por las inclemencias clim\u00e1ticas que se presentaron en la fecha.<\/p>\n<p>Se desplegaron m\u00e1s de 200 efectivos en todo el departamento para la custodia externa de los establecimientos escolares, inform\u00f3 la Unidad Regional IX.<\/p>\n","protected":false},"excerpt":{"rendered":"<p>A las 18 culmin\u00f3 la elecci\u00f3n general para cargos legislativos en toda la provincia, sin inconvenientes pero con una afluencia de votantes menor a la esperada, seguramente debido a la lluvia.\u00a0 El total de ciudadanos que emitieron su voto fue de 63,08 en todo el departamento Vera. Todos los candidatos esperar\u00e1n los resultados en su [&hellip;]<\/p>\n","protected":false},"author":3,"featured_media":29418,"comment_status":"closed","ping_status":"closed","sticky":false,"template":"","format":"standard","meta":{"_joinchat":[],"footnotes":""},"categories":[66],"tags":[],"class_list":{"0":"post-29417","1":"post","2":"type-post","3":"status-publish","4":"format-standard","5":"has-post-thumbnail","7":"category-politica"},"_links":{"self":[{"href":"https:\/\/infovera.com.ar\/web\/wp-json\/wp\/v2\/posts\/29417","targetHints":{"allow":["GET"]}}],"collection":[{"href":"https:\/\/infovera.com.ar\/web\/wp-json\/wp\/v2\/posts"}],"about":[{"href":"https:\/\/infovera.com.ar\/web\/wp-json\/wp\/v2\/types\/post"}],"author":[{"embeddable":true,"href":"https:\/\/infovera.com.ar\/web\/wp-json\/wp\/v2\/users\/3"}],"replies":[{"embeddable":true,"href":"https:\/\/infovera.com.ar\/web\/wp-json\/wp\/v2\/comments?post=29417"}],"version-history":[{"count":0,"href":"https:\/\/infovera.com.ar\/web\/wp-json\/wp\/v2\/posts\/29417\/revisions"}],"wp:featuredmedia":[{"embeddable":true,"href":"https:\/\/infovera.com.ar\/web\/wp-json\/wp\/v2\/media\/29418"}],"wp:attachment":[{"href":"https:\/\/infovera.com.ar\/web\/wp-json\/wp\/v2\/media?parent=29417"}],"wp:term":[{"taxonomy":"category","embeddable":true,"href":"https:\/\/infovera.com.ar\/web\/wp-json\/wp\/v2\/categories?post=29417"},{"taxonomy":"post_tag","embeddable":true,"href":"https:\/\/infovera.com.ar\/web\/wp-json\/wp\/v2\/tags?post=29417"}],"curies":[{"name":"wp","href":"https:\/\/api.w.org\/{rel}","templated":true}]}}