{"id":29347,"date":"2021-11-11T21:00:50","date_gmt":"2021-11-12T00:00:50","guid":{"rendered":"https:\/\/infovera.com.ar\/web\/?p=29347"},"modified":"2021-11-14T10:27:22","modified_gmt":"2021-11-14T13:27:22","slug":"egresaron-los-primeros-profesores-de-educacion-secundaria-en-fisica-de-vera","status":"publish","type":"post","link":"https:\/\/infovera.com.ar\/web\/2021\/11\/11\/egresaron-los-primeros-profesores-de-educacion-secundaria-en-fisica-de-vera\/","title":{"rendered":"Egresaron los primeros profesores de Educaci\u00f3n Secundaria en F\u00edsica de Vera"},"content":{"rendered":"<p><strong>Con mucho orgullo el ISPI N\u00ba 4019 San Juan Bautista comunica que Vera y zona tiene los primeros egresados como Profesores de Educaci\u00f3n Secundaria en F\u00edsica.<\/strong><\/p>\n<p>Desde la Instituci\u00f3n informaron que \u201cdebido a la necesidad de cubrir estos espacios curriculares y no contar con docentes espec\u00edficos \u00a0en las escuelas secundarias, en\u00a0el a\u00f1o 2018 se abri\u00f3 esta carrera docente de 4 a\u00f1os a ciclo cerrado. Hoy tenemos la satisfacci\u00f3n como instituci\u00f3n con m\u00e1s de 36 a\u00f1os de Historia de sumar profesionales en Vera y zona\u201d.<\/p>\n<p>Los egresados son: Mar\u00eda Eugenia Acosta, Franco Astier y Valentina Alarc\u00f3n<\/p>\n","protected":false},"excerpt":{"rendered":"<p>Con mucho orgullo el ISPI N\u00ba 4019 San Juan Bautista comunica que Vera y zona tiene los primeros egresados como Profesores de Educaci\u00f3n Secundaria en F\u00edsica. Desde la Instituci\u00f3n informaron que \u201cdebido a la necesidad de cubrir estos espacios curriculares y no contar con docentes espec\u00edficos \u00a0en las escuelas secundarias, en\u00a0el a\u00f1o 2018 se abri\u00f3 [&hellip;]<\/p>\n","protected":false},"author":3,"featured_media":29348,"comment_status":"closed","ping_status":"closed","sticky":false,"template":"","format":"standard","meta":{"_joinchat":[],"footnotes":""},"categories":[53],"tags":[],"class_list":{"0":"post-29347","1":"post","2":"type-post","3":"status-publish","4":"format-standard","5":"has-post-thumbnail","7":"category-vera"},"_links":{"self":[{"href":"https:\/\/infovera.com.ar\/web\/wp-json\/wp\/v2\/posts\/29347","targetHints":{"allow":["GET"]}}],"collection":[{"href":"https:\/\/infovera.com.ar\/web\/wp-json\/wp\/v2\/posts"}],"about":[{"href":"https:\/\/infovera.com.ar\/web\/wp-json\/wp\/v2\/types\/post"}],"author":[{"embeddable":true,"href":"https:\/\/infovera.com.ar\/web\/wp-json\/wp\/v2\/users\/3"}],"replies":[{"embeddable":true,"href":"https:\/\/infovera.com.ar\/web\/wp-json\/wp\/v2\/comments?post=29347"}],"version-history":[{"count":0,"href":"https:\/\/infovera.com.ar\/web\/wp-json\/wp\/v2\/posts\/29347\/revisions"}],"wp:featuredmedia":[{"embeddable":true,"href":"https:\/\/infovera.com.ar\/web\/wp-json\/wp\/v2\/media\/29348"}],"wp:attachment":[{"href":"https:\/\/infovera.com.ar\/web\/wp-json\/wp\/v2\/media?parent=29347"}],"wp:term":[{"taxonomy":"category","embeddable":true,"href":"https:\/\/infovera.com.ar\/web\/wp-json\/wp\/v2\/categories?post=29347"},{"taxonomy":"post_tag","embeddable":true,"href":"https:\/\/infovera.com.ar\/web\/wp-json\/wp\/v2\/tags?post=29347"}],"curies":[{"name":"wp","href":"https:\/\/api.w.org\/{rel}","templated":true}]}}