{"id":29292,"date":"2021-11-09T17:25:00","date_gmt":"2021-11-09T20:25:00","guid":{"rendered":"https:\/\/infovera.com.ar\/web\/?p=29292"},"modified":"2021-11-09T17:25:00","modified_gmt":"2021-11-09T20:25:00","slug":"se-extendio-la-asignacion-por-embarazo-para-proteccion-social-de-6-a-9-meses","status":"publish","type":"post","link":"https:\/\/infovera.com.ar\/web\/2021\/11\/09\/se-extendio-la-asignacion-por-embarazo-para-proteccion-social-de-6-a-9-meses\/","title":{"rendered":"Se extendi\u00f3 la asignaci\u00f3n por embarazo para protecci\u00f3n social de 6 a 9 meses"},"content":{"rendered":"<p>En el marco de la implementaci\u00f3n de la primera etapa de la Ley de Atenci\u00f3n y Cuidado Integral de la Salud durante el Embarazo y la Primera Infancia (Plan 1000 d\u00edas), a partir del mes de noviembre\u00a0<b>se extiende la Asignaci\u00f3n Por Embarazo Para Protecci\u00f3n Social de 6 a 9 meses<\/b>. Esta extensi\u00f3n se realiza en forma autom\u00e1tica y no es necesaria la realizaci\u00f3n de ning\u00fan tr\u00e1mite.<\/p>\n<p>&nbsp;<\/p>\n<p>\u201c<i>Nuestro deseo como gobierno es que cada una de nosotras pueda hacer que nuestros hijos y nuestras hijas est\u00e9n bien, que crezcan sanos y que est\u00e9n bien alimentados<\/i>\u201d, indic\u00f3 la directora ejecutiva de ANSES,\u00a0<b>Fernanda Raverta<\/b>.<\/p>\n<p>&nbsp;<\/p>\n<p>En este sentido, destac\u00f3 que &#8220;<i>con la extensi\u00f3n de la Asignaci\u00f3n por Embarazo, a partir de la implementaci\u00f3n de la Ley de los Mil D\u00edas, estamos igualando las oportunidades de todas las familias argentinas, acompa\u00f1ando a las futuras madres en este momento se encuentran con ingresos informales, para quienes es muy importante poder contar en este momento con el respaldo y la protecci\u00f3n del Estado nacional<\/i>&#8220;.<\/p>\n<p><b>\u00bfA qui\u00e9nes les corresponde la Asignaci\u00f3n por Embarazo?<\/b><b><\/b><\/p>\n<p>\u2022 Mujeres y personas gestantes desocupadas<\/p>\n<p>\u2022 Trabajadoras informales<\/p>\n<p>\u2022 Monotributistas sociales<\/p>\n<p>\u2022 Trabajadoras de servicio dom\u00e9stico registradas<\/p>\n<p><b>\u00bfC\u00f3mo hacer el tr\u00e1mite?<\/b><\/p>\n<p>Se puede hacer de manera online en\u00a0<a href=\"https:\/\/www.anses.gob.ar\/\" target=\"_blank\" rel=\"noopener\" data-saferedirecturl=\"https:\/\/www.google.com\/url?q=https:\/\/www.anses.gob.ar\/&amp;source=gmail&amp;ust=1636575663853000&amp;usg=AOvVaw2LkpwI2ca0Hp-pyLYyJQWN\">anses.gob.ar<\/a>\u00a0o acerc\u00e1ndose a una oficina de ANSES con turno previo.<\/p>\n","protected":false},"excerpt":{"rendered":"<p>En el marco de la implementaci\u00f3n de la primera etapa de la Ley de Atenci\u00f3n y Cuidado Integral de la Salud durante el Embarazo y la Primera Infancia (Plan 1000 d\u00edas), a partir del mes de noviembre\u00a0se extiende la Asignaci\u00f3n Por Embarazo Para Protecci\u00f3n Social de 6 a 9 meses. Esta extensi\u00f3n se realiza en [&hellip;]<\/p>\n","protected":false},"author":3,"featured_media":29293,"comment_status":"closed","ping_status":"closed","sticky":false,"template":"","format":"standard","meta":{"_joinchat":[],"footnotes":""},"categories":[62],"tags":[],"class_list":{"0":"post-29292","1":"post","2":"type-post","3":"status-publish","4":"format-standard","5":"has-post-thumbnail","7":"category-nacionales"},"_links":{"self":[{"href":"https:\/\/infovera.com.ar\/web\/wp-json\/wp\/v2\/posts\/29292","targetHints":{"allow":["GET"]}}],"collection":[{"href":"https:\/\/infovera.com.ar\/web\/wp-json\/wp\/v2\/posts"}],"about":[{"href":"https:\/\/infovera.com.ar\/web\/wp-json\/wp\/v2\/types\/post"}],"author":[{"embeddable":true,"href":"https:\/\/infovera.com.ar\/web\/wp-json\/wp\/v2\/users\/3"}],"replies":[{"embeddable":true,"href":"https:\/\/infovera.com.ar\/web\/wp-json\/wp\/v2\/comments?post=29292"}],"version-history":[{"count":0,"href":"https:\/\/infovera.com.ar\/web\/wp-json\/wp\/v2\/posts\/29292\/revisions"}],"wp:featuredmedia":[{"embeddable":true,"href":"https:\/\/infovera.com.ar\/web\/wp-json\/wp\/v2\/media\/29293"}],"wp:attachment":[{"href":"https:\/\/infovera.com.ar\/web\/wp-json\/wp\/v2\/media?parent=29292"}],"wp:term":[{"taxonomy":"category","embeddable":true,"href":"https:\/\/infovera.com.ar\/web\/wp-json\/wp\/v2\/categories?post=29292"},{"taxonomy":"post_tag","embeddable":true,"href":"https:\/\/infovera.com.ar\/web\/wp-json\/wp\/v2\/tags?post=29292"}],"curies":[{"name":"wp","href":"https:\/\/api.w.org\/{rel}","templated":true}]}}