{"id":29239,"date":"2021-11-08T10:12:52","date_gmt":"2021-11-08T13:12:52","guid":{"rendered":"https:\/\/infovera.com.ar\/web\/?p=29239"},"modified":"2021-11-08T18:12:45","modified_gmt":"2021-11-08T21:12:45","slug":"asoem-calchaqui-saluda-a-los-trabajadores-municipales-en-su-dia-2","status":"publish","type":"post","link":"https:\/\/infovera.com.ar\/web\/2021\/11\/08\/asoem-calchaqui-saluda-a-los-trabajadores-municipales-en-su-dia-2\/","title":{"rendered":"Asoem Calchaqu\u00ed saluda a los trabajadores municipales en su d\u00eda"},"content":{"rendered":"<p><strong>ASOEM Calchaqu\u00ed env\u00eda un saludo a todos los trabajadores, especialmente a todos los trabajadores municipales que d\u00eda a d\u00eda ofrecen su esfuerzo y compromiso para mejorar la calidad de vida de los habitantes de ciudades y pueblos.\u00a0<\/strong><\/p>\n<p>&#8220;En este momento, felicitamos el esfuerzo, buena predisposici\u00f3n y responsabilidad que demuestran d\u00eda a d\u00eda en la tarea que realizan, trabajando codo a codo y colaborando a cada momento por el futuro y desarrollo de cada distrito. \u00a1Feliz d\u00eda a la gran familia municipal y comunal!, expres\u00f3\u00a0Marcelo Vanney, secretario general de ASOEM Calchaqu\u00ed.<\/p>\n","protected":false},"excerpt":{"rendered":"<p>ASOEM Calchaqu\u00ed env\u00eda un saludo a todos los trabajadores, especialmente a todos los trabajadores municipales que d\u00eda a d\u00eda ofrecen su esfuerzo y compromiso para mejorar la calidad de vida de los habitantes de ciudades y pueblos.\u00a0 &#8220;En este momento, felicitamos el esfuerzo, buena predisposici\u00f3n y responsabilidad que demuestran d\u00eda a d\u00eda en la tarea [&hellip;]<\/p>\n","protected":false},"author":3,"featured_media":19970,"comment_status":"closed","ping_status":"closed","sticky":false,"template":"","format":"standard","meta":{"_joinchat":[],"footnotes":""},"categories":[52],"tags":[],"class_list":{"0":"post-29239","1":"post","2":"type-post","3":"status-publish","4":"format-standard","5":"has-post-thumbnail","7":"category-calchaqui"},"_links":{"self":[{"href":"https:\/\/infovera.com.ar\/web\/wp-json\/wp\/v2\/posts\/29239","targetHints":{"allow":["GET"]}}],"collection":[{"href":"https:\/\/infovera.com.ar\/web\/wp-json\/wp\/v2\/posts"}],"about":[{"href":"https:\/\/infovera.com.ar\/web\/wp-json\/wp\/v2\/types\/post"}],"author":[{"embeddable":true,"href":"https:\/\/infovera.com.ar\/web\/wp-json\/wp\/v2\/users\/3"}],"replies":[{"embeddable":true,"href":"https:\/\/infovera.com.ar\/web\/wp-json\/wp\/v2\/comments?post=29239"}],"version-history":[{"count":0,"href":"https:\/\/infovera.com.ar\/web\/wp-json\/wp\/v2\/posts\/29239\/revisions"}],"wp:featuredmedia":[{"embeddable":true,"href":"https:\/\/infovera.com.ar\/web\/wp-json\/wp\/v2\/media\/19970"}],"wp:attachment":[{"href":"https:\/\/infovera.com.ar\/web\/wp-json\/wp\/v2\/media?parent=29239"}],"wp:term":[{"taxonomy":"category","embeddable":true,"href":"https:\/\/infovera.com.ar\/web\/wp-json\/wp\/v2\/categories?post=29239"},{"taxonomy":"post_tag","embeddable":true,"href":"https:\/\/infovera.com.ar\/web\/wp-json\/wp\/v2\/tags?post=29239"}],"curies":[{"name":"wp","href":"https:\/\/api.w.org\/{rel}","templated":true}]}}