{"id":29216,"date":"2021-11-07T21:31:54","date_gmt":"2021-11-08T00:31:54","guid":{"rendered":"https:\/\/infovera.com.ar\/web\/?p=29216"},"modified":"2021-11-08T13:57:10","modified_gmt":"2021-11-08T16:57:10","slug":"jovenes-del-santa-fe-mas-expusieron-en-margarita-fotogaleria","status":"publish","type":"post","link":"https:\/\/infovera.com.ar\/web\/2021\/11\/07\/jovenes-del-santa-fe-mas-expusieron-en-margarita-fotogaleria\/","title":{"rendered":"J\u00f3venes del Santa Fe M\u00e1s expusieron en Margarita (fotogaler\u00eda)"},"content":{"rendered":"<p><strong>Los j\u00f3venes que integran el programa Santa Fe M\u00e1s expusieron sus trabajos en un encuentro que se llev\u00f3 adelante en Margarita.<\/strong><\/p>\n<p>Estuvieron presentes participantes de talleres que representaron a Calchaqu\u00ed, Margarita, La Gallareta, El Toba y Vera.<\/p>\n<p>&#8220;Santa Fe M\u00e1s plantea un recorrido formativo educativo, brind\u00e1ndoles a los j\u00f3venes herramientas para la inserci\u00f3n en el mundo del trabajo.<\/p>\n<p>Estuvieron presente el intendente de Calchaqu\u00ed, Rub\u00e9n Cuello, y la candidata a presidente comunal Leonela Cena.<\/p>\n<div id='gallery-1' class='gallery galleryid-29216 gallery-columns-3 gallery-size-thumbnail'><figure class='gallery-item'>\n\t\t\t<div class='gallery-icon landscape'>\n\t\t\t\t<a href='https:\/\/infovera.com.ar\/web\/2021\/11\/07\/jovenes-del-santa-fe-mas-expusieron-en-margarita-fotogaleria\/1-5\/'><img loading=\"lazy\" decoding=\"async\" width=\"150\" height=\"150\" src=\"https:\/\/infovera.com.ar\/web\/wp-content\/uploads\/2021\/11\/1-150x150.jpg\" class=\"attachment-thumbnail size-thumbnail\" alt=\"\" \/><\/a>\n\t\t\t<\/div><\/figure><figure class='gallery-item'>\n\t\t\t<div class='gallery-icon landscape'>\n\t\t\t\t<a href='https:\/\/infovera.com.ar\/web\/2021\/11\/07\/jovenes-del-santa-fe-mas-expusieron-en-margarita-fotogaleria\/2-5\/'><img loading=\"lazy\" decoding=\"async\" width=\"150\" height=\"150\" src=\"https:\/\/infovera.com.ar\/web\/wp-content\/uploads\/2021\/11\/2-150x150.jpg\" class=\"attachment-thumbnail size-thumbnail\" alt=\"\" \/><\/a>\n\t\t\t<\/div><\/figure><figure class='gallery-item'>\n\t\t\t<div class='gallery-icon landscape'>\n\t\t\t\t<a href='https:\/\/infovera.com.ar\/web\/2021\/11\/07\/jovenes-del-santa-fe-mas-expusieron-en-margarita-fotogaleria\/3-5\/'><img loading=\"lazy\" decoding=\"async\" width=\"150\" height=\"150\" src=\"https:\/\/infovera.com.ar\/web\/wp-content\/uploads\/2021\/11\/3-150x150.jpg\" class=\"attachment-thumbnail size-thumbnail\" alt=\"\" \/><\/a>\n\t\t\t<\/div><\/figure><figure class='gallery-item'>\n\t\t\t<div class='gallery-icon landscape'>\n\t\t\t\t<a href='https:\/\/infovera.com.ar\/web\/2021\/11\/07\/jovenes-del-santa-fe-mas-expusieron-en-margarita-fotogaleria\/4-4\/'><img loading=\"lazy\" decoding=\"async\" width=\"150\" height=\"150\" src=\"https:\/\/infovera.com.ar\/web\/wp-content\/uploads\/2021\/11\/4-150x150.jpg\" class=\"attachment-thumbnail size-thumbnail\" alt=\"\" \/><\/a>\n\t\t\t<\/div><\/figure><figure class='gallery-item'>\n\t\t\t<div class='gallery-icon landscape'>\n\t\t\t\t<a href='https:\/\/infovera.com.ar\/web\/2021\/11\/07\/jovenes-del-santa-fe-mas-expusieron-en-margarita-fotogaleria\/5-4\/'><img loading=\"lazy\" decoding=\"async\" width=\"150\" height=\"150\" src=\"https:\/\/infovera.com.ar\/web\/wp-content\/uploads\/2021\/11\/5-150x150.jpg\" class=\"attachment-thumbnail size-thumbnail\" alt=\"\" \/><\/a>\n\t\t\t<\/div><\/figure><figure class='gallery-item'>\n\t\t\t<div class='gallery-icon landscape'>\n\t\t\t\t<a href='https:\/\/infovera.com.ar\/web\/2021\/11\/07\/jovenes-del-santa-fe-mas-expusieron-en-margarita-fotogaleria\/6-4\/'><img loading=\"lazy\" decoding=\"async\" width=\"150\" height=\"150\" src=\"https:\/\/infovera.com.ar\/web\/wp-content\/uploads\/2021\/11\/6-150x150.jpg\" class=\"attachment-thumbnail size-thumbnail\" alt=\"\" \/><\/a>\n\t\t\t<\/div><\/figure><figure class='gallery-item'>\n\t\t\t<div class='gallery-icon landscape'>\n\t\t\t\t<a href='https:\/\/infovera.com.ar\/web\/2021\/11\/07\/jovenes-del-santa-fe-mas-expusieron-en-margarita-fotogaleria\/7-4\/'><img loading=\"lazy\" decoding=\"async\" width=\"150\" height=\"150\" src=\"https:\/\/infovera.com.ar\/web\/wp-content\/uploads\/2021\/11\/7-150x150.jpg\" class=\"attachment-thumbnail size-thumbnail\" alt=\"\" \/><\/a>\n\t\t\t<\/div><\/figure><figure class='gallery-item'>\n\t\t\t<div class='gallery-icon landscape'>\n\t\t\t\t<a href='https:\/\/infovera.com.ar\/web\/2021\/11\/07\/jovenes-del-santa-fe-mas-expusieron-en-margarita-fotogaleria\/8-3\/'><img loading=\"lazy\" decoding=\"async\" width=\"150\" height=\"150\" src=\"https:\/\/infovera.com.ar\/web\/wp-content\/uploads\/2021\/11\/8-150x150.jpg\" class=\"attachment-thumbnail size-thumbnail\" alt=\"\" \/><\/a>\n\t\t\t<\/div><\/figure><figure class='gallery-item'>\n\t\t\t<div class='gallery-icon landscape'>\n\t\t\t\t<a href='https:\/\/infovera.com.ar\/web\/2021\/11\/07\/jovenes-del-santa-fe-mas-expusieron-en-margarita-fotogaleria\/9-3\/'><img loading=\"lazy\" decoding=\"async\" width=\"150\" height=\"150\" src=\"https:\/\/infovera.com.ar\/web\/wp-content\/uploads\/2021\/11\/9-1-150x150.jpg\" class=\"attachment-thumbnail size-thumbnail\" alt=\"\" \/><\/a>\n\t\t\t<\/div><\/figure><figure class='gallery-item'>\n\t\t\t<div class='gallery-icon landscape'>\n\t\t\t\t<a href='https:\/\/infovera.com.ar\/web\/2021\/11\/07\/jovenes-del-santa-fe-mas-expusieron-en-margarita-fotogaleria\/10-2\/'><img loading=\"lazy\" decoding=\"async\" width=\"150\" height=\"150\" src=\"https:\/\/infovera.com.ar\/web\/wp-content\/uploads\/2021\/11\/10-150x150.jpg\" class=\"attachment-thumbnail size-thumbnail\" alt=\"\" \/><\/a>\n\t\t\t<\/div><\/figure><figure class='gallery-item'>\n\t\t\t<div class='gallery-icon landscape'>\n\t\t\t\t<a href='https:\/\/infovera.com.ar\/web\/2021\/11\/07\/jovenes-del-santa-fe-mas-expusieron-en-margarita-fotogaleria\/11-2\/'><img loading=\"lazy\" decoding=\"async\" width=\"150\" height=\"150\" src=\"https:\/\/infovera.com.ar\/web\/wp-content\/uploads\/2021\/11\/11-150x150.jpg\" class=\"attachment-thumbnail size-thumbnail\" alt=\"\" \/><\/a>\n\t\t\t<\/div><\/figure><figure class='gallery-item'>\n\t\t\t<div class='gallery-icon landscape'>\n\t\t\t\t<a href='https:\/\/infovera.com.ar\/web\/2021\/11\/07\/jovenes-del-santa-fe-mas-expusieron-en-margarita-fotogaleria\/12-2\/'><img loading=\"lazy\" decoding=\"async\" width=\"150\" height=\"150\" src=\"https:\/\/infovera.com.ar\/web\/wp-content\/uploads\/2021\/11\/12-150x150.jpg\" class=\"attachment-thumbnail size-thumbnail\" alt=\"\" \/><\/a>\n\t\t\t<\/div><\/figure><figure class='gallery-item'>\n\t\t\t<div class='gallery-icon landscape'>\n\t\t\t\t<a href='https:\/\/infovera.com.ar\/web\/2021\/11\/07\/jovenes-del-santa-fe-mas-expusieron-en-margarita-fotogaleria\/13-2\/'><img loading=\"lazy\" decoding=\"async\" width=\"150\" height=\"150\" src=\"https:\/\/infovera.com.ar\/web\/wp-content\/uploads\/2021\/11\/13-150x150.jpg\" class=\"attachment-thumbnail size-thumbnail\" alt=\"\" \/><\/a>\n\t\t\t<\/div><\/figure><figure class='gallery-item'>\n\t\t\t<div class='gallery-icon landscape'>\n\t\t\t\t<a href='https:\/\/infovera.com.ar\/web\/2021\/11\/07\/jovenes-del-santa-fe-mas-expusieron-en-margarita-fotogaleria\/14-2\/'><img loading=\"lazy\" decoding=\"async\" width=\"150\" height=\"150\" src=\"https:\/\/infovera.com.ar\/web\/wp-content\/uploads\/2021\/11\/14-150x150.jpg\" class=\"attachment-thumbnail size-thumbnail\" alt=\"\" \/><\/a>\n\t\t\t<\/div><\/figure><figure class='gallery-item'>\n\t\t\t<div class='gallery-icon landscape'>\n\t\t\t\t<a href='https:\/\/infovera.com.ar\/web\/2021\/11\/07\/jovenes-del-santa-fe-mas-expusieron-en-margarita-fotogaleria\/15-2\/'><img loading=\"lazy\" decoding=\"async\" width=\"150\" height=\"150\" src=\"https:\/\/infovera.com.ar\/web\/wp-content\/uploads\/2021\/11\/15-150x150.jpg\" class=\"attachment-thumbnail size-thumbnail\" alt=\"\" \/><\/a>\n\t\t\t<\/div><\/figure><figure class='gallery-item'>\n\t\t\t<div class='gallery-icon landscape'>\n\t\t\t\t<a href='https:\/\/infovera.com.ar\/web\/2021\/11\/07\/jovenes-del-santa-fe-mas-expusieron-en-margarita-fotogaleria\/16-2\/'><img loading=\"lazy\" decoding=\"async\" width=\"150\" height=\"150\" src=\"https:\/\/infovera.com.ar\/web\/wp-content\/uploads\/2021\/11\/16-150x150.jpg\" class=\"attachment-thumbnail size-thumbnail\" alt=\"\" \/><\/a>\n\t\t\t<\/div><\/figure><figure class='gallery-item'>\n\t\t\t<div class='gallery-icon landscape'>\n\t\t\t\t<a href='https:\/\/infovera.com.ar\/web\/2021\/11\/07\/jovenes-del-santa-fe-mas-expusieron-en-margarita-fotogaleria\/17-2\/'><img loading=\"lazy\" decoding=\"async\" width=\"150\" height=\"150\" src=\"https:\/\/infovera.com.ar\/web\/wp-content\/uploads\/2021\/11\/17-150x150.jpg\" class=\"attachment-thumbnail size-thumbnail\" alt=\"\" \/><\/a>\n\t\t\t<\/div><\/figure><figure class='gallery-item'>\n\t\t\t<div class='gallery-icon landscape'>\n\t\t\t\t<a href='https:\/\/infovera.com.ar\/web\/2021\/11\/07\/jovenes-del-santa-fe-mas-expusieron-en-margarita-fotogaleria\/18-2\/'><img loading=\"lazy\" decoding=\"async\" width=\"150\" height=\"150\" src=\"https:\/\/infovera.com.ar\/web\/wp-content\/uploads\/2021\/11\/18-150x150.jpg\" class=\"attachment-thumbnail size-thumbnail\" alt=\"\" \/><\/a>\n\t\t\t<\/div><\/figure><figure class='gallery-item'>\n\t\t\t<div class='gallery-icon landscape'>\n\t\t\t\t<a href='https:\/\/infovera.com.ar\/web\/2021\/11\/07\/jovenes-del-santa-fe-mas-expusieron-en-margarita-fotogaleria\/attachment\/19\/'><img loading=\"lazy\" decoding=\"async\" width=\"150\" height=\"150\" src=\"https:\/\/infovera.com.ar\/web\/wp-content\/uploads\/2021\/11\/19-150x150.jpg\" class=\"attachment-thumbnail size-thumbnail\" alt=\"\" \/><\/a>\n\t\t\t<\/div><\/figure>\n\t\t<\/div>\n\n","protected":false},"excerpt":{"rendered":"<p>Los j\u00f3venes que integran el programa Santa Fe M\u00e1s expusieron sus trabajos en un encuentro que se llev\u00f3 adelante en Margarita. Estuvieron presentes participantes de talleres que representaron a Calchaqu\u00ed, Margarita, La Gallareta, El Toba y Vera. &#8220;Santa Fe M\u00e1s plantea un recorrido formativo educativo, brind\u00e1ndoles a los j\u00f3venes herramientas para la inserci\u00f3n en el [&hellip;]<\/p>\n","protected":false},"author":3,"featured_media":29217,"comment_status":"closed","ping_status":"closed","sticky":false,"template":"","format":"standard","meta":{"_joinchat":[],"footnotes":""},"categories":[54],"tags":[],"class_list":{"0":"post-29216","1":"post","2":"type-post","3":"status-publish","4":"format-standard","5":"has-post-thumbnail","7":"category-margarita"},"_links":{"self":[{"href":"https:\/\/infovera.com.ar\/web\/wp-json\/wp\/v2\/posts\/29216","targetHints":{"allow":["GET"]}}],"collection":[{"href":"https:\/\/infovera.com.ar\/web\/wp-json\/wp\/v2\/posts"}],"about":[{"href":"https:\/\/infovera.com.ar\/web\/wp-json\/wp\/v2\/types\/post"}],"author":[{"embeddable":true,"href":"https:\/\/infovera.com.ar\/web\/wp-json\/wp\/v2\/users\/3"}],"replies":[{"embeddable":true,"href":"https:\/\/infovera.com.ar\/web\/wp-json\/wp\/v2\/comments?post=29216"}],"version-history":[{"count":0,"href":"https:\/\/infovera.com.ar\/web\/wp-json\/wp\/v2\/posts\/29216\/revisions"}],"wp:featuredmedia":[{"embeddable":true,"href":"https:\/\/infovera.com.ar\/web\/wp-json\/wp\/v2\/media\/29217"}],"wp:attachment":[{"href":"https:\/\/infovera.com.ar\/web\/wp-json\/wp\/v2\/media?parent=29216"}],"wp:term":[{"taxonomy":"category","embeddable":true,"href":"https:\/\/infovera.com.ar\/web\/wp-json\/wp\/v2\/categories?post=29216"},{"taxonomy":"post_tag","embeddable":true,"href":"https:\/\/infovera.com.ar\/web\/wp-json\/wp\/v2\/tags?post=29216"}],"curies":[{"name":"wp","href":"https:\/\/api.w.org\/{rel}","templated":true}]}}