{"id":29186,"date":"2021-11-06T11:54:23","date_gmt":"2021-11-06T14:54:23","guid":{"rendered":"https:\/\/infovera.com.ar\/web\/?p=29186"},"modified":"2021-11-08T10:26:00","modified_gmt":"2021-11-08T13:26:00","slug":"la-camara-penal-de-vera-elevo-la-condena-para-el-hombre-que-abuso-de-su-hija-y-otras-dos-menores","status":"publish","type":"post","link":"https:\/\/infovera.com.ar\/web\/2021\/11\/06\/la-camara-penal-de-vera-elevo-la-condena-para-el-hombre-que-abuso-de-su-hija-y-otras-dos-menores\/","title":{"rendered":"La C\u00e1mara Penal de Vera elev\u00f3 la condena para el hombre que abus\u00f3 de su hija y otras dos menores"},"content":{"rendered":"<p><strong>Los jueces aceptaron el recurso planteado por el fiscal Leandro Mai. As\u00ed, aumentaron la pena para Fabi\u00e1n Bejarano de 19 a 24 a\u00f1os de prisi\u00f3n. Es la m\u00e1s alta por este tipo de delitos en el norte. Las v\u00edctimas fueron su hija y otras dos menores.<\/strong><\/p>\n<p>Los camaristas Eduardo A. Bernacchia, Jos\u00e9 A. M\u00e1ntaras y Sebasti\u00e1n Creus hicieron lugar al planteo del fiscal Leandro Mai y confirmaron y elevaron la condena para Fabi\u00e1n Orlando Bejarano de 19 a 24 a\u00f1os de prisi\u00f3n efectiva.<\/p>\n<p>Los integrantes de la C\u00e1mara de Apelaci\u00f3n en lo Penal de la Cuarta Circunscripci\u00f3n Judicial de Vera indicaron que los argumentos expuestos resultaron suficientes para resolver la apelaci\u00f3n interpuesta por el representante de la Unidad Fiscal de Reconquista, que hab\u00eda expresado su desacuerdo con la pena impuesta en primera instancia al imputado por graves delitos sexuales contra su hija y otras dos menores.<\/p>\n<p>En primer lugar, los jueces del tribunal de alzada rechazaron el planteo de la defensa t\u00e9cnica de Bejarano en cuanto a la \u201carbitrariedad de la sentencia por error en la apreciaci\u00f3n de la prueba y\/o error en la calificaci\u00f3n jur\u00eddica\u201d que llev\u00f3 al Tribunal Pluripersonal de Primera Instancia a condenar al abusador.<\/p>\n<p>En segundo t\u00e9rmino, se acogieron parcialmente el recurso presentado por la Fiscal\u00eda en cuanto a que se deb\u00eda revocar el fallo puesto en crisis por \u201cerror parcial en la calificaci\u00f3n jur\u00eddica y en la aplicaci\u00f3n de la pena por parte del Tribunal de Primera Instancia\u201d<\/p>\n<p>En consecuencia, resolvieron condenar a Bejarano como autor material y penalmente responsable a la pena de 24 a\u00f1os de prisi\u00f3n por los delitos de abuso sexual gravemente ultrajante, con car\u00e1cter de delito continuado y agravado por el aprovechamiento de la situaci\u00f3n de convivencia preexistente con una menor de 18 a\u00f1os.<\/p>\n<p>Tambi\u00e9n por haber sido cometido por un encargado de la guarda de la ni\u00f1a, todo en concurso ideal con promoci\u00f3n de la corrupci\u00f3n de menores, agravado en perjuicio de M. L. G.<\/p>\n<p>Adem\u00e1s, los vocales de la C\u00e1mara Penal le atribuyeron el abuso sexual gravemente ultrajante y corrupci\u00f3n de menores en perjuicio de T. N. E., en concurso real con abuso sexual con acceso carnal reiterados, en car\u00e1cter de delito continuado, con los mismos agravantes que en el caso anterior. Asimismo, lo hallaron culpable del delito de corrupci\u00f3n de menores agravado en perjuicio de S. A. R. D., y de amenazas coactivas contra las menores.<\/p>\n<p><strong>Primera condena<\/strong><\/p>\n<p>A fines de marzo pasado y en juicio oral desarrollado en Reconquista, Bejarano hab\u00eda sido condenado por unanimidad a la pena de 19 a\u00f1os por un tribunal integrado por los jueces Claudia Bress\u00e1n (presidente), Gustavo Gon y Mart\u00edn Gauna Chapero,<\/p>\n<p>En aquel momento, el fiscal Mai adelant\u00f3 que apelar\u00eda la condena por entender que \u201clos magistrados no dieron por acreditado un abuso sexual con acceso carnal perpetrado por Bejarano, a pesar de que una de las v\u00edctimas relat\u00f3 de manera contundente los padecimientos que sufri\u00f3. Los jueces desestimaron nuestra pretensi\u00f3n acusatoria aun cuando una m\u00e9dica de la Agencia de Investigaci\u00f3n Criminal (AIC) revis\u00f3 a la menor abusada y constat\u00f3 lesiones compatibles con el il\u00edcito que atribuimos\u201d.<\/p>\n<p>En aquel momento, Mai tampoco comparti\u00f3 el rechazo de los jueces a \u201cotra parte de la calificaci\u00f3n penal de los il\u00edcitos\u201d, argument\u00f3 que a ra\u00edz de informes profesionales qued\u00f3 expuesto que \u201cla conducta delictiva del condenado caus\u00f3 da\u00f1os graves en la salud de las tres ni\u00f1as y el veredicto lo niega\u201d, y cuestion\u00f3 que \u201cel monto de la pena impuesta no es proporcional con la gravedad de los hechos que investigamos\u201d.<\/p>\n<p>Consultado en las \u00faltimas horas sobre el reciente fallo de C\u00e1mara, el fiscal destac\u00f3 a <strong>InfoVera<\/strong> que \u201cahora, la alzada, confirm\u00f3 la sentencia e hizo lugar a la pretensi\u00f3n de la Fiscal\u00eda de que la pena no era la adecuada conforme las especiales circunstancias del caso. Es la condena m\u00e1s alta por un abuso en el norte de la provincia\u201d.<\/p>\n<p><strong>Durante 8 a\u00f1os<\/strong><\/p>\n<p>Fabi\u00e1n Bejarano abus\u00f3 sexualmente de tres menores de edad durante ocho a\u00f1os, conducta delictiva que perpetr\u00f3 entre una fecha de 2011 que no logr\u00f3 ser determinada y marzo de 2018.<\/p>\n<p>Los il\u00edcitos ocurrieron en diferentes domicilios de la ciudad de Reconquista en los que las v\u00edctimas convivieron con el condenado. Las ni\u00f1as se conocen entre s\u00ed porque una es hija de Bejarano &#8211; aunque tiene otro apellido -, otra es su media hermana por parte de madre, y la tercera es una sobrina del condenado.<\/p>\n<p><img loading=\"lazy\" decoding=\"async\" class=\" wp-image-22351 aligncenter\" src=\"https:\/\/infovera.com.ar\/web\/wp-content\/uploads\/2021\/06\/ACOSTA-3-300x54.jpg\" alt=\"\" width=\"733\" height=\"132\" srcset=\"https:\/\/infovera.com.ar\/web\/wp-content\/uploads\/2021\/06\/ACOSTA-3-300x54.jpg 300w, https:\/\/infovera.com.ar\/web\/wp-content\/uploads\/2021\/06\/ACOSTA-3.jpg 670w\" sizes=\"auto, (max-width: 733px) 100vw, 733px\" \/><\/p>\n","protected":false},"excerpt":{"rendered":"<p>Los jueces aceptaron el recurso planteado por el fiscal Leandro Mai. As\u00ed, aumentaron la pena para Fabi\u00e1n Bejarano de 19 a 24 a\u00f1os de prisi\u00f3n. Es la m\u00e1s alta por este tipo de delitos en el norte. Las v\u00edctimas fueron su hija y otras dos menores. Los camaristas Eduardo A. Bernacchia, Jos\u00e9 A. M\u00e1ntaras y [&hellip;]<\/p>\n","protected":false},"author":3,"featured_media":0,"comment_status":"closed","ping_status":"closed","sticky":false,"template":"","format":"standard","meta":{"_joinchat":[],"footnotes":""},"categories":[30,53],"tags":[],"class_list":{"0":"post-29186","1":"post","2":"type-post","3":"status-publish","4":"format-standard","6":"category-policiales","7":"category-vera"},"_links":{"self":[{"href":"https:\/\/infovera.com.ar\/web\/wp-json\/wp\/v2\/posts\/29186","targetHints":{"allow":["GET"]}}],"collection":[{"href":"https:\/\/infovera.com.ar\/web\/wp-json\/wp\/v2\/posts"}],"about":[{"href":"https:\/\/infovera.com.ar\/web\/wp-json\/wp\/v2\/types\/post"}],"author":[{"embeddable":true,"href":"https:\/\/infovera.com.ar\/web\/wp-json\/wp\/v2\/users\/3"}],"replies":[{"embeddable":true,"href":"https:\/\/infovera.com.ar\/web\/wp-json\/wp\/v2\/comments?post=29186"}],"version-history":[{"count":0,"href":"https:\/\/infovera.com.ar\/web\/wp-json\/wp\/v2\/posts\/29186\/revisions"}],"wp:attachment":[{"href":"https:\/\/infovera.com.ar\/web\/wp-json\/wp\/v2\/media?parent=29186"}],"wp:term":[{"taxonomy":"category","embeddable":true,"href":"https:\/\/infovera.com.ar\/web\/wp-json\/wp\/v2\/categories?post=29186"},{"taxonomy":"post_tag","embeddable":true,"href":"https:\/\/infovera.com.ar\/web\/wp-json\/wp\/v2\/tags?post=29186"}],"curies":[{"name":"wp","href":"https:\/\/api.w.org\/{rel}","templated":true}]}}