{"id":29158,"date":"2021-11-05T16:23:54","date_gmt":"2021-11-05T19:23:54","guid":{"rendered":"https:\/\/infovera.com.ar\/web\/?p=29158"},"modified":"2021-11-05T16:25:20","modified_gmt":"2021-11-05T19:25:20","slug":"piden-dadores-de-sangre-para-un-oficial-de-la-policia-vial","status":"publish","type":"post","link":"https:\/\/infovera.com.ar\/web\/2021\/11\/05\/piden-dadores-de-sangre-para-un-oficial-de-la-policia-vial\/","title":{"rendered":"Piden dadores de sangre para un oficial de la Polic\u00eda Vial"},"content":{"rendered":"<p><strong>Se necesitan dadores de sangre para la donaci\u00f3n de plaquetas y gl\u00f3bulos rojos para el oficial Fernando Leonel Visconti, de 28 a\u00f1os, que presta servicio en la Direcci\u00f3n de Polic\u00eda Vial Reconquista y oriundo de Vera. <\/strong><\/p>\n<p>Se encuentra internado en Rosario, en el Sanatorio Parque de calle Bv. Oro\u00f1o 860, recibiendo las quimioterapias (hermano de Emiliano Visconti)<\/p>\n<p>REQUISITOS PARA DONAR PLAQUETAS<\/p>\n<p>. Gozar de buena salud.<br \/>\n. Accesos venosos adecuados en ambos brazos (buen calibre y trayecto recto).<br \/>\n. Peso mayor a 70 kg<br \/>\n. Grupo sangu\u00edneo compatible con el receptor (&#8220;A&#8221;\/ &#8220;AB&#8221;)<br \/>\n. No tomar aspirinas ni antiagregantes plaquetarios (analg\u00e9sicos).<br \/>\n. Disponibilidad horaria (generalmente despu\u00e9s de las 12 hs).<br \/>\n. No mujeres multiparas.<br \/>\n. Tatuajes, piercings, tratamientos est\u00e9ticos y cirug\u00edas, esperar 12 meses.<\/p>\n<p>\u27a1\ufe0f\u27a1\ufe0f\u27a1\ufe0fPor dudas o consultas comunicarse al 4200248 de Lunes a Viernes de 10 a 13hs<\/p>\n","protected":false},"excerpt":{"rendered":"<p>Se necesitan dadores de sangre para la donaci\u00f3n de plaquetas y gl\u00f3bulos rojos para el oficial Fernando Leonel Visconti, de 28 a\u00f1os, que presta servicio en la Direcci\u00f3n de Polic\u00eda Vial Reconquista y oriundo de Vera. Se encuentra internado en Rosario, en el Sanatorio Parque de calle Bv. Oro\u00f1o 860, recibiendo las quimioterapias (hermano de [&hellip;]<\/p>\n","protected":false},"author":3,"featured_media":29159,"comment_status":"closed","ping_status":"closed","sticky":false,"template":"","format":"standard","meta":{"_joinchat":[],"footnotes":""},"categories":[60],"tags":[],"class_list":{"0":"post-29158","1":"post","2":"type-post","3":"status-publish","4":"format-standard","5":"has-post-thumbnail","7":"category-provinciales"},"_links":{"self":[{"href":"https:\/\/infovera.com.ar\/web\/wp-json\/wp\/v2\/posts\/29158","targetHints":{"allow":["GET"]}}],"collection":[{"href":"https:\/\/infovera.com.ar\/web\/wp-json\/wp\/v2\/posts"}],"about":[{"href":"https:\/\/infovera.com.ar\/web\/wp-json\/wp\/v2\/types\/post"}],"author":[{"embeddable":true,"href":"https:\/\/infovera.com.ar\/web\/wp-json\/wp\/v2\/users\/3"}],"replies":[{"embeddable":true,"href":"https:\/\/infovera.com.ar\/web\/wp-json\/wp\/v2\/comments?post=29158"}],"version-history":[{"count":0,"href":"https:\/\/infovera.com.ar\/web\/wp-json\/wp\/v2\/posts\/29158\/revisions"}],"wp:featuredmedia":[{"embeddable":true,"href":"https:\/\/infovera.com.ar\/web\/wp-json\/wp\/v2\/media\/29159"}],"wp:attachment":[{"href":"https:\/\/infovera.com.ar\/web\/wp-json\/wp\/v2\/media?parent=29158"}],"wp:term":[{"taxonomy":"category","embeddable":true,"href":"https:\/\/infovera.com.ar\/web\/wp-json\/wp\/v2\/categories?post=29158"},{"taxonomy":"post_tag","embeddable":true,"href":"https:\/\/infovera.com.ar\/web\/wp-json\/wp\/v2\/tags?post=29158"}],"curies":[{"name":"wp","href":"https:\/\/api.w.org\/{rel}","templated":true}]}}