{"id":29113,"date":"2021-11-04T19:37:45","date_gmt":"2021-11-04T22:37:45","guid":{"rendered":"https:\/\/infovera.com.ar\/web\/?p=29113"},"modified":"2021-11-04T19:37:45","modified_gmt":"2021-11-04T22:37:45","slug":"la-legislatura-aprobo-la-remocion-de-marcelo-sain-de-su-cargo-en-el-mpa","status":"publish","type":"post","link":"https:\/\/infovera.com.ar\/web\/2021\/11\/04\/la-legislatura-aprobo-la-remocion-de-marcelo-sain-de-su-cargo-en-el-mpa\/","title":{"rendered":"La Legislatura aprob\u00f3 la remoci\u00f3n de Marcelo Sain de su cargo en el MPA"},"content":{"rendered":"<p><strong>La Sesi\u00f3n Conjunta de ambas C\u00e1maras dispuso tambi\u00e9n inahabilitarlo por d\u00edez a\u00f1os para volver a presentarse a un cargo en el organismo.<\/strong><\/p>\n<p>La Sesi\u00f3n Conjunta de ambas C\u00e1maras dispuso, a las 15.25 de este jueves 4, remover de su cargo al Dr. Marcelo Sain director del Organismo de Investigaciones del Ministerio P\u00fablico de la Acusaci\u00f3n e inahabilitarlo por d\u00edez a\u00f1os para volver a presentarse a un cargo para el MPA .<\/p>\n<p>En el Senado, con un qu\u00f3rum de 16 miembros de la c\u00e1mara 12 votaron por expulsar al ex ministro de Seguridad de Santa Fe y 4 lo hicieron en sentido contrario. En Diputados, por su parte, con 47 bancas ocupadas de manera presencial o remota se expresaron por la medida 38 de sus integrantes y 9 tomaron la posici\u00f3n contraria.<\/p>\n<p>Sain fue separado de su cargo por proselitismo al seguir con una constante actividad pol\u00edtica partidaria a pesar de volver a desempe\u00f1arse en el Poder Judicial.<\/p>\n<p>&nbsp;<\/p>\n","protected":false},"excerpt":{"rendered":"<p>La Sesi\u00f3n Conjunta de ambas C\u00e1maras dispuso tambi\u00e9n inahabilitarlo por d\u00edez a\u00f1os para volver a presentarse a un cargo en el organismo. La Sesi\u00f3n Conjunta de ambas C\u00e1maras dispuso, a las 15.25 de este jueves 4, remover de su cargo al Dr. Marcelo Sain director del Organismo de Investigaciones del Ministerio P\u00fablico de la Acusaci\u00f3n [&hellip;]<\/p>\n","protected":false},"author":3,"featured_media":6543,"comment_status":"closed","ping_status":"closed","sticky":false,"template":"","format":"standard","meta":{"_joinchat":[],"footnotes":""},"categories":[60],"tags":[],"class_list":{"0":"post-29113","1":"post","2":"type-post","3":"status-publish","4":"format-standard","5":"has-post-thumbnail","7":"category-provinciales"},"_links":{"self":[{"href":"https:\/\/infovera.com.ar\/web\/wp-json\/wp\/v2\/posts\/29113","targetHints":{"allow":["GET"]}}],"collection":[{"href":"https:\/\/infovera.com.ar\/web\/wp-json\/wp\/v2\/posts"}],"about":[{"href":"https:\/\/infovera.com.ar\/web\/wp-json\/wp\/v2\/types\/post"}],"author":[{"embeddable":true,"href":"https:\/\/infovera.com.ar\/web\/wp-json\/wp\/v2\/users\/3"}],"replies":[{"embeddable":true,"href":"https:\/\/infovera.com.ar\/web\/wp-json\/wp\/v2\/comments?post=29113"}],"version-history":[{"count":0,"href":"https:\/\/infovera.com.ar\/web\/wp-json\/wp\/v2\/posts\/29113\/revisions"}],"wp:featuredmedia":[{"embeddable":true,"href":"https:\/\/infovera.com.ar\/web\/wp-json\/wp\/v2\/media\/6543"}],"wp:attachment":[{"href":"https:\/\/infovera.com.ar\/web\/wp-json\/wp\/v2\/media?parent=29113"}],"wp:term":[{"taxonomy":"category","embeddable":true,"href":"https:\/\/infovera.com.ar\/web\/wp-json\/wp\/v2\/categories?post=29113"},{"taxonomy":"post_tag","embeddable":true,"href":"https:\/\/infovera.com.ar\/web\/wp-json\/wp\/v2\/tags?post=29113"}],"curies":[{"name":"wp","href":"https:\/\/api.w.org\/{rel}","templated":true}]}}