{"id":29036,"date":"2021-11-02T19:00:17","date_gmt":"2021-11-02T22:00:17","guid":{"rendered":"https:\/\/infovera.com.ar\/web\/?p=29036"},"modified":"2021-11-02T19:00:17","modified_gmt":"2021-11-02T22:00:17","slug":"pase-a-planta-amra-estara-presente-en-el-debate-en-la-legislatura","status":"publish","type":"post","link":"https:\/\/infovera.com.ar\/web\/2021\/11\/02\/pase-a-planta-amra-estara-presente-en-el-debate-en-la-legislatura\/","title":{"rendered":"Pase a planta: AMRA estar\u00e1 presente en el debate en la Legislatura"},"content":{"rendered":"<p>El Sindicato de M\u00e9dicos de la Rep\u00fablica Argentina (AMRA) Seccional Santa Fe informa que el pr\u00f3ximo jueves 04 de noviembre, en la Legislatura Provincial, se debatir\u00e1 el Proyecto de Ley ingresado por el Senador del Departamento Capital, Marcos Castell\u00f3, que contempla el pase a planta de los trabajadores del estado que ingresaron a las distintas reparticiones p\u00fablicas previo a diciembre de 2018.<\/p>\n<p>&nbsp;<\/p>\n<p>Desde nuestro sector hemos sido muy enf\u00e1ticos en dicho pedido ya que era una de la deudas que la actual adminstraci\u00f3n ten\u00eda en el marco de la negociaci\u00f3n paritaria, m\u00e1s a\u00fan, con los y las profesionales de la salud tanto empe\u00f1o, dedicaci\u00f3n y esfuerzo han puesto en estos largos meses de pandemia.<\/p>\n<p>&nbsp;<\/p>\n<p>Ante este hecho legislativo significante para todos nuestros compa\u00f1eros y compa\u00f1eras hemos decidido concentrarnos el pr\u00f3ximo jueves en la puerta de la Legislatura a la espera de que el Senado le de media sanci\u00f3n a dicho Proyecto de Ley que le permitir\u00e1 a una gran cantidad de colegas poder tener la tranquilidad y la estabilidad laboral que se merecen.<\/p>\n","protected":false},"excerpt":{"rendered":"<p>El Sindicato de M\u00e9dicos de la Rep\u00fablica Argentina (AMRA) Seccional Santa Fe informa que el pr\u00f3ximo jueves 04 de noviembre, en la Legislatura Provincial, se debatir\u00e1 el Proyecto de Ley ingresado por el Senador del Departamento Capital, Marcos Castell\u00f3, que contempla el pase a planta de los trabajadores del estado que ingresaron a las distintas [&hellip;]<\/p>\n","protected":false},"author":3,"featured_media":29037,"comment_status":"closed","ping_status":"closed","sticky":false,"template":"","format":"standard","meta":{"_joinchat":[],"footnotes":""},"categories":[60],"tags":[],"class_list":{"0":"post-29036","1":"post","2":"type-post","3":"status-publish","4":"format-standard","5":"has-post-thumbnail","7":"category-provinciales"},"_links":{"self":[{"href":"https:\/\/infovera.com.ar\/web\/wp-json\/wp\/v2\/posts\/29036","targetHints":{"allow":["GET"]}}],"collection":[{"href":"https:\/\/infovera.com.ar\/web\/wp-json\/wp\/v2\/posts"}],"about":[{"href":"https:\/\/infovera.com.ar\/web\/wp-json\/wp\/v2\/types\/post"}],"author":[{"embeddable":true,"href":"https:\/\/infovera.com.ar\/web\/wp-json\/wp\/v2\/users\/3"}],"replies":[{"embeddable":true,"href":"https:\/\/infovera.com.ar\/web\/wp-json\/wp\/v2\/comments?post=29036"}],"version-history":[{"count":0,"href":"https:\/\/infovera.com.ar\/web\/wp-json\/wp\/v2\/posts\/29036\/revisions"}],"wp:featuredmedia":[{"embeddable":true,"href":"https:\/\/infovera.com.ar\/web\/wp-json\/wp\/v2\/media\/29037"}],"wp:attachment":[{"href":"https:\/\/infovera.com.ar\/web\/wp-json\/wp\/v2\/media?parent=29036"}],"wp:term":[{"taxonomy":"category","embeddable":true,"href":"https:\/\/infovera.com.ar\/web\/wp-json\/wp\/v2\/categories?post=29036"},{"taxonomy":"post_tag","embeddable":true,"href":"https:\/\/infovera.com.ar\/web\/wp-json\/wp\/v2\/tags?post=29036"}],"curies":[{"name":"wp","href":"https:\/\/api.w.org\/{rel}","templated":true}]}}