{"id":29030,"date":"2021-11-02T18:44:03","date_gmt":"2021-11-02T21:44:03","guid":{"rendered":"https:\/\/infovera.com.ar\/web\/?p=29030"},"modified":"2021-11-03T20:59:22","modified_gmt":"2021-11-03T23:59:22","slug":"la-cooperativa-comienza-a-distribuir-agua-del-acueducto","status":"publish","type":"post","link":"https:\/\/infovera.com.ar\/web\/2021\/11\/02\/la-cooperativa-comienza-a-distribuir-agua-del-acueducto\/","title":{"rendered":"La Cooperativa comienza a distribuir agua del acueducto"},"content":{"rendered":"<p>La Cooperativa de Provisi\u00f3n, de Obras y Servicios P\u00fablicos de Vera (Co.S.Ve.L.), informa a sus usuarios que se comenzar\u00e1 a distribuir agua del Acueducto Reconquista.<\/p>\n<p>En este proceso se podr\u00eda llegar a percibir alg\u00fan cambio de sabor en el agua.<\/p>\n<p>Asimismo, se comunica que se comenzar\u00e1 a realizar limpieza de ca\u00f1er\u00edas por sectores en la ciudad, con lo que se visualizar\u00e1 agua en determinados lugares.<\/p>\n<p>Rogamos sepan disculpar las molestias que podemos ocasionar en este proceso de cambio, el que puede extenderse por varios d\u00edas.<\/p>\n<p>El objetivo final es lograr mejorar la calidad de vida de nuestros usuarios.<\/p>\n<p>Estamos a disposici\u00f3n para resolver cualquier inquietud, al respecto, agradecemos comunicarse con nuestra Cooperativa, calle Belgrano 1798 o a los tel\u00e9fonos fijos 421002 o al 421111<\/p>\n","protected":false},"excerpt":{"rendered":"<p>La Cooperativa de Provisi\u00f3n, de Obras y Servicios P\u00fablicos de Vera (Co.S.Ve.L.), informa a sus usuarios que se comenzar\u00e1 a distribuir agua del Acueducto Reconquista. En este proceso se podr\u00eda llegar a percibir alg\u00fan cambio de sabor en el agua. Asimismo, se comunica que se comenzar\u00e1 a realizar limpieza de ca\u00f1er\u00edas por sectores en la [&hellip;]<\/p>\n","protected":false},"author":3,"featured_media":27867,"comment_status":"closed","ping_status":"closed","sticky":false,"template":"","format":"standard","meta":{"_joinchat":[],"footnotes":""},"categories":[53],"tags":[],"class_list":{"0":"post-29030","1":"post","2":"type-post","3":"status-publish","4":"format-standard","5":"has-post-thumbnail","7":"category-vera"},"_links":{"self":[{"href":"https:\/\/infovera.com.ar\/web\/wp-json\/wp\/v2\/posts\/29030","targetHints":{"allow":["GET"]}}],"collection":[{"href":"https:\/\/infovera.com.ar\/web\/wp-json\/wp\/v2\/posts"}],"about":[{"href":"https:\/\/infovera.com.ar\/web\/wp-json\/wp\/v2\/types\/post"}],"author":[{"embeddable":true,"href":"https:\/\/infovera.com.ar\/web\/wp-json\/wp\/v2\/users\/3"}],"replies":[{"embeddable":true,"href":"https:\/\/infovera.com.ar\/web\/wp-json\/wp\/v2\/comments?post=29030"}],"version-history":[{"count":0,"href":"https:\/\/infovera.com.ar\/web\/wp-json\/wp\/v2\/posts\/29030\/revisions"}],"wp:featuredmedia":[{"embeddable":true,"href":"https:\/\/infovera.com.ar\/web\/wp-json\/wp\/v2\/media\/27867"}],"wp:attachment":[{"href":"https:\/\/infovera.com.ar\/web\/wp-json\/wp\/v2\/media?parent=29030"}],"wp:term":[{"taxonomy":"category","embeddable":true,"href":"https:\/\/infovera.com.ar\/web\/wp-json\/wp\/v2\/categories?post=29030"},{"taxonomy":"post_tag","embeddable":true,"href":"https:\/\/infovera.com.ar\/web\/wp-json\/wp\/v2\/tags?post=29030"}],"curies":[{"name":"wp","href":"https:\/\/api.w.org\/{rel}","templated":true}]}}