{"id":29003,"date":"2021-11-02T16:58:13","date_gmt":"2021-11-02T19:58:13","guid":{"rendered":"https:\/\/infovera.com.ar\/web\/?p=29003"},"modified":"2021-11-03T10:18:23","modified_gmt":"2021-11-03T13:18:23","slug":"fortin-olmos-faltan-obras-hidricas-para-preservar-la-infraestructura","status":"publish","type":"post","link":"https:\/\/infovera.com.ar\/web\/2021\/11\/02\/fortin-olmos-faltan-obras-hidricas-para-preservar-la-infraestructura\/","title":{"rendered":"Fort\u00edn Olmos: faltan obras h\u00eddricas para preservar la infraestructura"},"content":{"rendered":"<p><strong>Hay caminos que necesitan m\u00e1s atenci\u00f3n para que perduren y los productores puedan sacar la producci\u00f3n.<\/strong><\/p>\n<p>Las \u00faltimas leves precipitaciones registradas alentaban a la zona rural de la Cu\u00f1a Boscosa. El pastajes y los cultivos empiezan a reverdecer con los mil\u00edmetros ca\u00eddos, tambi\u00e9n, el ganado se beneficia con la recarga de aguadas; en una zona que viene padeciendo la sequ\u00eda desde hace un tiempo considerable, impactando negativamente en el sector productivo tanto en el ganadero, el agro y a los que trabajan con la madera.<\/p>\n<p>Pero lo que preocupa a los vecinos en general, y productores en particular del distrito Fort\u00edn Olmos, es c\u00f3mo lluvias de 20\/30 mil\u00edmetros, afectan la transitabilidad para sacar su producci\u00f3n por el abandono que presentan tanto los caminos comunales como el de la ruta provincial 83S, esta \u00faltima arteria, que une varios pueblos y parajes por la que -adem\u00e1s- muchos de sus habitantes deben comunicarse diariamente por razones laborales, de salud, educativas.<\/p>\n<p>Puntualmente, transitar en a mediado de octubre -con un acumulado de no m\u00e1s de 45 mil\u00edmetros de lluvia- de la 83S hacia el paraje El Hist\u00f3rico o El Campanal fue complicado; caminos de huellas, angostos, pr\u00e1cticamente para una sola mano. Y sobre la 83S, entre Fort\u00edn Olmos y el paraje Km. El 89, con menos de 30 mil\u00edmetros, el camino presentaba una cortada, que obligaba a los vecinos que llevaban sus hijos a la escuela, al centro de salud en motos o veh\u00edculos livianos, cruzar de a pi\u00e9 o intentar otros atajos para llegar a destino, ni mencionar los que tienen que sacar la producci\u00f3n por estas calzadas.<\/p>\n<p>Vecinos de la zona, apuntan que esta situaci\u00f3n se da porque los responsables de mantener estas arterias -comunal y provincial- no aprovechan los tiempos que les brinda la sequ\u00eda para hacer los trabajos viales correspondientes para optimizar los caminos; teniendo en cuenta, sostienen, que ellos pagan sus respectivos impuestos para que el mantenimiento del camino se concrete, y se resignan a pensar que el abandono se da porque todos ellos no son votos suficientes como para tenerlos en cuenta, entonces -sostienen- prefieren dedicarse a donde hay mayor concentraci\u00f3n de habitantes; aunque s\u00ed estiman que las respectivas partidas de dinero para el mantenimiento de los caminos comunales y provincial est\u00e1n contemplados en los presupuestos y gastos.<\/p>\n<p>Sobre el trazado de la ruta 83-S el camino es angosto, bajo, sin zanjeo y las alcantarillas taponadas por el tiempo de desidia; as\u00ed en todo su trayecto hasta el Km 101, que ya corresponde al distrito de Garabato.<\/p>\n<p>En tanto los caminos comunales presentan el mismo panorama, pero con la menor posibilidad de ser atendido. Coinciden que as\u00ed no se puede llevar adelante lo que tanto se declama por estos d\u00edas sobre la educaci\u00f3n, la salud y la producci\u00f3n.<\/p>\n<p>Entonces, es un buen momento para que tanto la provincia, como el senador del departamento y los presidentes comunales de la zona, puedan gestionar e ir saldando sus palabras con hechos y cambiar esta realidad que perjudica a muchos de estos vecinos de la provincia, alejados de los conglomerados, que no son atendidos ni visualizados como debieran. Una situaci\u00f3n que podr\u00eda ser evaluada para el Programa Caminos de la Ruralidad que publicita el gobierno.<\/p>\n<p>Fuente: El Litoral<\/p>\n","protected":false},"excerpt":{"rendered":"<p>Hay caminos que necesitan m\u00e1s atenci\u00f3n para que perduren y los productores puedan sacar la producci\u00f3n. Las \u00faltimas leves precipitaciones registradas alentaban a la zona rural de la Cu\u00f1a Boscosa. El pastajes y los cultivos empiezan a reverdecer con los mil\u00edmetros ca\u00eddos, tambi\u00e9n, el ganado se beneficia con la recarga de aguadas; en una zona [&hellip;]<\/p>\n","protected":false},"author":3,"featured_media":29004,"comment_status":"closed","ping_status":"closed","sticky":false,"template":"","format":"standard","meta":{"_joinchat":[],"footnotes":""},"categories":[51],"tags":[],"class_list":{"0":"post-29003","1":"post","2":"type-post","3":"status-publish","4":"format-standard","5":"has-post-thumbnail","7":"category-locales"},"_links":{"self":[{"href":"https:\/\/infovera.com.ar\/web\/wp-json\/wp\/v2\/posts\/29003","targetHints":{"allow":["GET"]}}],"collection":[{"href":"https:\/\/infovera.com.ar\/web\/wp-json\/wp\/v2\/posts"}],"about":[{"href":"https:\/\/infovera.com.ar\/web\/wp-json\/wp\/v2\/types\/post"}],"author":[{"embeddable":true,"href":"https:\/\/infovera.com.ar\/web\/wp-json\/wp\/v2\/users\/3"}],"replies":[{"embeddable":true,"href":"https:\/\/infovera.com.ar\/web\/wp-json\/wp\/v2\/comments?post=29003"}],"version-history":[{"count":0,"href":"https:\/\/infovera.com.ar\/web\/wp-json\/wp\/v2\/posts\/29003\/revisions"}],"wp:featuredmedia":[{"embeddable":true,"href":"https:\/\/infovera.com.ar\/web\/wp-json\/wp\/v2\/media\/29004"}],"wp:attachment":[{"href":"https:\/\/infovera.com.ar\/web\/wp-json\/wp\/v2\/media?parent=29003"}],"wp:term":[{"taxonomy":"category","embeddable":true,"href":"https:\/\/infovera.com.ar\/web\/wp-json\/wp\/v2\/categories?post=29003"},{"taxonomy":"post_tag","embeddable":true,"href":"https:\/\/infovera.com.ar\/web\/wp-json\/wp\/v2\/tags?post=29003"}],"curies":[{"name":"wp","href":"https:\/\/api.w.org\/{rel}","templated":true}]}}