{"id":28986,"date":"2021-11-01T18:33:13","date_gmt":"2021-11-01T21:33:13","guid":{"rendered":"https:\/\/infovera.com.ar\/web\/?p=28986"},"modified":"2021-11-01T18:33:13","modified_gmt":"2021-11-01T21:33:13","slug":"empresarios-dicen-sentirse-agobiados-por-la-presion-fiscal","status":"publish","type":"post","link":"https:\/\/infovera.com.ar\/web\/2021\/11\/01\/empresarios-dicen-sentirse-agobiados-por-la-presion-fiscal\/","title":{"rendered":"Empresarios dicen sentirse &#8220;agobiados&#8221; por la presi\u00f3n fiscal"},"content":{"rendered":"<p><strong>Desde el Centro Industrial y Comercial de Avellaneda manifestaron su descontento ante la presi\u00f3n tributaria que &#8220;padecemos los sectores en los que nos desempe\u00f1amos los miembros de esta instituci\u00f3n y todos nuestros asociados&#8221;.<\/strong><\/p>\n<p>Los miembros de la comisi\u00f3n directiva consignaron que la industria, el comercio, las Pymes, los prestadores de servicios, &#8220;nos reconocemos\u00a0 como el motor de la econom\u00eda, pero, parad\u00f3jicamente, somos los m\u00e1s castigados en materia fiscal, y las consecuencias est\u00e1n a la vista: Pymes con deudas impagables, al borde del cierre, otras ya cerradas y algunas pocas con muy bajo nivel de crecimiento&#8221;.<\/p>\n<p>Por eso, reclamaron a autoridades nacionales, provinciales y locales que intervengan ante los organismos de fiscalizaci\u00f3n, de pol\u00edtica tributaria y recaudaci\u00f3n de impuestos de todos los niveles de gobierno para &#8220;considerar la revisi\u00f3n de los 167 impuestos que actualmente nos agobian. A nivel nacional, son 43; de car\u00e1cter provincial existen 39 y 85 pertenecen al \u00e1mbito municipal (dependiendo del municipio)&#8221;.<\/p>\n<p>Por \u00faltimo, consideraronque el an\u00e1lisis de los impuestos y, en consecuencia, la reducci\u00f3n de<br \/>\nla presi\u00f3n fiscal, generar\u00e1n el debate necesario para que los trabajadores, las<br \/>\nPymes, el campo, la educaci\u00f3n, etc. recuperen la confianza en el m\u00e9rito y el trabajo<br \/>\ncomo generadores de crecimiento.<\/p>\n","protected":false},"excerpt":{"rendered":"<p>Desde el Centro Industrial y Comercial de Avellaneda manifestaron su descontento ante la presi\u00f3n tributaria que &#8220;padecemos los sectores en los que nos desempe\u00f1amos los miembros de esta instituci\u00f3n y todos nuestros asociados&#8221;. Los miembros de la comisi\u00f3n directiva consignaron que la industria, el comercio, las Pymes, los prestadores de servicios, &#8220;nos reconocemos\u00a0 como el [&hellip;]<\/p>\n","protected":false},"author":3,"featured_media":28987,"comment_status":"closed","ping_status":"closed","sticky":false,"template":"","format":"standard","meta":{"_joinchat":[],"footnotes":""},"categories":[55],"tags":[],"class_list":{"0":"post-28986","1":"post","2":"type-post","3":"status-publish","4":"format-standard","5":"has-post-thumbnail","7":"category-reconquista"},"_links":{"self":[{"href":"https:\/\/infovera.com.ar\/web\/wp-json\/wp\/v2\/posts\/28986","targetHints":{"allow":["GET"]}}],"collection":[{"href":"https:\/\/infovera.com.ar\/web\/wp-json\/wp\/v2\/posts"}],"about":[{"href":"https:\/\/infovera.com.ar\/web\/wp-json\/wp\/v2\/types\/post"}],"author":[{"embeddable":true,"href":"https:\/\/infovera.com.ar\/web\/wp-json\/wp\/v2\/users\/3"}],"replies":[{"embeddable":true,"href":"https:\/\/infovera.com.ar\/web\/wp-json\/wp\/v2\/comments?post=28986"}],"version-history":[{"count":0,"href":"https:\/\/infovera.com.ar\/web\/wp-json\/wp\/v2\/posts\/28986\/revisions"}],"wp:featuredmedia":[{"embeddable":true,"href":"https:\/\/infovera.com.ar\/web\/wp-json\/wp\/v2\/media\/28987"}],"wp:attachment":[{"href":"https:\/\/infovera.com.ar\/web\/wp-json\/wp\/v2\/media?parent=28986"}],"wp:term":[{"taxonomy":"category","embeddable":true,"href":"https:\/\/infovera.com.ar\/web\/wp-json\/wp\/v2\/categories?post=28986"},{"taxonomy":"post_tag","embeddable":true,"href":"https:\/\/infovera.com.ar\/web\/wp-json\/wp\/v2\/tags?post=28986"}],"curies":[{"name":"wp","href":"https:\/\/api.w.org\/{rel}","templated":true}]}}