{"id":28973,"date":"2021-11-01T17:29:09","date_gmt":"2021-11-01T20:29:09","guid":{"rendered":"https:\/\/infovera.com.ar\/web\/?p=28973"},"modified":"2021-11-01T17:29:09","modified_gmt":"2021-11-01T20:29:09","slug":"este-14-de-noviembre-acompananos-con-tu-voto","status":"publish","type":"post","link":"https:\/\/infovera.com.ar\/web\/2021\/11\/01\/este-14-de-noviembre-acompananos-con-tu-voto\/","title":{"rendered":"&#8220;Este 14 de noviembre acompa\u00f1anos con tu voto&#8221;"},"content":{"rendered":"<p><strong>Desde Juntos por el Cambio enumeraron obras y acciones de gobierno que se destacaron durante la gesti\u00f3n de Reynaldo Fabbroni, y pidieron a la comunidad acompa\u00f1ar con su voto al candidato a concejal.<\/strong><\/p>\n<p><strong>TEXTUAL<\/strong><\/p>\n<p>Porque sabemos que S\u00cd SE HIZO y eso lo demuestra cada obra que qued\u00d3 en nuestra ciudad:<\/p>\n<p>200 cuadras de Ripio<br \/>\n200 cuadras de iluminaci\u00f3n<br \/>\nM\u00e1s de 60 cuadras de asfalto<br \/>\nEstaci\u00f3n del ferrocarril<br \/>\nCarteles con denominaci\u00f3n de las calles<br \/>\nEstaci\u00f3n de cloacas N 3<br \/>\nCulminaci\u00f3n del ferrocarril<br \/>\nEl Cine Teatro Espa\u00f1ol<br \/>\nGesti\u00f3n para el Paseo<br \/>\nConvenio con Naci\u00f3n para la Red de ampliaci\u00f3n clocal(2011)<br \/>\nProyecto de la Estaci\u00f3n Transformadora (fue su proyecto)<br \/>\nCanchas de barrio<br \/>\nTalleres de discapacidad<br \/>\nEquinoterapia<br \/>\nTalleres culturales<br \/>\nTeatro de escuelas secundarias<br \/>\nGestiones para la luz de Allende Lezama y otros tanto terrenos en los que fue intermediario<br \/>\nBanco de materiales<br \/>\nViviendas<br \/>\nAyudas puntuales a cada vecino<br \/>\nHay mucho m\u00e1s para hablar<br \/>\nNosotros sabemos y acompa\u00f1amos esto Vamos por m\u00e1s y juntos<\/p>\n","protected":false},"excerpt":{"rendered":"<p>Desde Juntos por el Cambio enumeraron obras y acciones de gobierno que se destacaron durante la gesti\u00f3n de Reynaldo Fabbroni, y pidieron a la comunidad acompa\u00f1ar con su voto al candidato a concejal. TEXTUAL Porque sabemos que S\u00cd SE HIZO y eso lo demuestra cada obra que qued\u00d3 en nuestra ciudad: 200 cuadras de Ripio [&hellip;]<\/p>\n","protected":false},"author":3,"featured_media":28975,"comment_status":"closed","ping_status":"closed","sticky":false,"template":"","format":"standard","meta":{"_joinchat":[],"footnotes":""},"categories":[66],"tags":[],"class_list":{"0":"post-28973","1":"post","2":"type-post","3":"status-publish","4":"format-standard","5":"has-post-thumbnail","7":"category-politica"},"_links":{"self":[{"href":"https:\/\/infovera.com.ar\/web\/wp-json\/wp\/v2\/posts\/28973","targetHints":{"allow":["GET"]}}],"collection":[{"href":"https:\/\/infovera.com.ar\/web\/wp-json\/wp\/v2\/posts"}],"about":[{"href":"https:\/\/infovera.com.ar\/web\/wp-json\/wp\/v2\/types\/post"}],"author":[{"embeddable":true,"href":"https:\/\/infovera.com.ar\/web\/wp-json\/wp\/v2\/users\/3"}],"replies":[{"embeddable":true,"href":"https:\/\/infovera.com.ar\/web\/wp-json\/wp\/v2\/comments?post=28973"}],"version-history":[{"count":0,"href":"https:\/\/infovera.com.ar\/web\/wp-json\/wp\/v2\/posts\/28973\/revisions"}],"wp:featuredmedia":[{"embeddable":true,"href":"https:\/\/infovera.com.ar\/web\/wp-json\/wp\/v2\/media\/28975"}],"wp:attachment":[{"href":"https:\/\/infovera.com.ar\/web\/wp-json\/wp\/v2\/media?parent=28973"}],"wp:term":[{"taxonomy":"category","embeddable":true,"href":"https:\/\/infovera.com.ar\/web\/wp-json\/wp\/v2\/categories?post=28973"},{"taxonomy":"post_tag","embeddable":true,"href":"https:\/\/infovera.com.ar\/web\/wp-json\/wp\/v2\/tags?post=28973"}],"curies":[{"name":"wp","href":"https:\/\/api.w.org\/{rel}","templated":true}]}}