{"id":28955,"date":"2021-11-01T10:08:46","date_gmt":"2021-11-01T13:08:46","guid":{"rendered":"https:\/\/infovera.com.ar\/web\/?p=28955"},"modified":"2021-11-02T10:28:16","modified_gmt":"2021-11-02T13:28:16","slug":"un-hombre-murio-tras-ser-atropellado-en-la-ruta-de-ingreso-a-la-gallareta","status":"publish","type":"post","link":"https:\/\/infovera.com.ar\/web\/2021\/11\/01\/un-hombre-murio-tras-ser-atropellado-en-la-ruta-de-ingreso-a-la-gallareta\/","title":{"rendered":"Un hombre muri\u00f3 tras ser atropellado en la ruta de ingreso a La Gallareta"},"content":{"rendered":"<p><strong>A las 20:40, a la altura del kil\u00f3metro 19 de la Ruta 83S, se prodjo un accidente vial.<\/strong><\/p>\n<p>Un hombre de 62 a\u00f1os, domiciliado en la ciudad de Vera, quien conduc\u00eda un autom\u00f3vil Volswagen Virtus colision\u00f3 a una persona que se desplazaba en forma pedestre por la ruta y le provoc\u00f3 la muerte.<\/p>\n<p>En el lugar se hicieron presentes personal de la AIC Divisi\u00f3n T\u00e9cnico Criminal\u00edstica UR XIX, fines de realizar actuaciones sumariales de rigor.<\/p>\n<p>El m\u00e9dico policial de turno constat\u00f3 el deceso del ciudadano quien fue identificado como Jos\u00e9 Aguiree, de 72 a\u00f1os, domiciliado en la localidad de La Gallareta.<\/p>\n<p>El fiscal de turno orden\u00f3 que finalizadas las diligencias el cuerpo sea entregado a sus familiares para su velatorio y posterior inhumaci\u00f3n.<\/p>\n<p><img loading=\"lazy\" decoding=\"async\" class=\" wp-image-22351 aligncenter\" src=\"https:\/\/infovera.com.ar\/web\/wp-content\/uploads\/2021\/06\/ACOSTA-3-300x54.jpg\" alt=\"\" width=\"739\" height=\"133\" srcset=\"https:\/\/infovera.com.ar\/web\/wp-content\/uploads\/2021\/06\/ACOSTA-3-300x54.jpg 300w, https:\/\/infovera.com.ar\/web\/wp-content\/uploads\/2021\/06\/ACOSTA-3.jpg 670w\" sizes=\"auto, (max-width: 739px) 100vw, 739px\" \/><\/p>\n","protected":false},"excerpt":{"rendered":"<p>A las 20:40, a la altura del kil\u00f3metro 19 de la Ruta 83S, se prodjo un accidente vial. Un hombre de 62 a\u00f1os, domiciliado en la ciudad de Vera, quien conduc\u00eda un autom\u00f3vil Volswagen Virtus colision\u00f3 a una persona que se desplazaba en forma pedestre por la ruta y le provoc\u00f3 la muerte. En el [&hellip;]<\/p>\n","protected":false},"author":3,"featured_media":28956,"comment_status":"closed","ping_status":"closed","sticky":false,"template":"","format":"standard","meta":{"_joinchat":[],"footnotes":""},"categories":[51,53],"tags":[],"class_list":{"0":"post-28955","1":"post","2":"type-post","3":"status-publish","4":"format-standard","5":"has-post-thumbnail","7":"category-locales","8":"category-vera"},"_links":{"self":[{"href":"https:\/\/infovera.com.ar\/web\/wp-json\/wp\/v2\/posts\/28955","targetHints":{"allow":["GET"]}}],"collection":[{"href":"https:\/\/infovera.com.ar\/web\/wp-json\/wp\/v2\/posts"}],"about":[{"href":"https:\/\/infovera.com.ar\/web\/wp-json\/wp\/v2\/types\/post"}],"author":[{"embeddable":true,"href":"https:\/\/infovera.com.ar\/web\/wp-json\/wp\/v2\/users\/3"}],"replies":[{"embeddable":true,"href":"https:\/\/infovera.com.ar\/web\/wp-json\/wp\/v2\/comments?post=28955"}],"version-history":[{"count":0,"href":"https:\/\/infovera.com.ar\/web\/wp-json\/wp\/v2\/posts\/28955\/revisions"}],"wp:featuredmedia":[{"embeddable":true,"href":"https:\/\/infovera.com.ar\/web\/wp-json\/wp\/v2\/media\/28956"}],"wp:attachment":[{"href":"https:\/\/infovera.com.ar\/web\/wp-json\/wp\/v2\/media?parent=28955"}],"wp:term":[{"taxonomy":"category","embeddable":true,"href":"https:\/\/infovera.com.ar\/web\/wp-json\/wp\/v2\/categories?post=28955"},{"taxonomy":"post_tag","embeddable":true,"href":"https:\/\/infovera.com.ar\/web\/wp-json\/wp\/v2\/tags?post=28955"}],"curies":[{"name":"wp","href":"https:\/\/api.w.org\/{rel}","templated":true}]}}