{"id":28896,"date":"2021-10-28T21:38:27","date_gmt":"2021-10-29T00:38:27","guid":{"rendered":"https:\/\/infovera.com.ar\/web\/?p=28896"},"modified":"2021-10-28T21:38:27","modified_gmt":"2021-10-29T00:38:27","slug":"clara-garcia-duele-no-ver-un-plan-serio-ni-la-gestion-e-inversion-necesarias-para-combatir-la-inseguridad","status":"publish","type":"post","link":"https:\/\/infovera.com.ar\/web\/2021\/10\/28\/clara-garcia-duele-no-ver-un-plan-serio-ni-la-gestion-e-inversion-necesarias-para-combatir-la-inseguridad\/","title":{"rendered":"Clara Garc\u00eda: \u201cDuele no ver un plan serio, ni la gesti\u00f3n e inversi\u00f3n necesarias para combatir la inseguridad&#8221;"},"content":{"rendered":"<p><strong>La candidata a senadora nacional del Frente Amplio Progresista (FAP) reiter\u00f3 su reclamo al gobernador Perotti para que convoque a la Junta Provincial de Seguridad y refuerce la Justicia. \u201cEn lo que va de su gesti\u00f3n, no nombraron un solo fiscal\u201d, advirti\u00f3.<\/strong><\/p>\n<p>La candidata a senadora nacional del Frente Amplio Progresista (FAP), Clara Garc\u00eda, solicit\u00f3 nuevamente al gobernador Omar Perotti la urgente convocatoria a la Junta Provincial de Seguridad, frente a la grave situaci\u00f3n que se vive en la provincia por reiterados hechos violentos y de inseguridad, que deriv\u00f3 en distintas movilizaciones en la ciudad de Rosario. \u201cDuele no ver un plan serio, ni la gesti\u00f3n e inversi\u00f3n necesarias , ni los consensos para sacar esta situaci\u00f3n adelante\u201d, se\u00f1al\u00f3 en declaraciones period\u00edsticas.<\/p>\n<p>Frente a la masiva marcha realizada este mi\u00e9rcoles en Rosario -en el Monumento Nacional a la Bandera-, \u00a0en reclamo de justicia por el asesinato del joven arquitecto Joaqu\u00edn P\u00e9rez, Garc\u00eda afirm\u00f3: \u201cObservamos con mucho dolor; toda la gente presente sufri\u00f3 en carne propia la p\u00e9rdida de un familiar, un robo o alguna forma de violencia que dej\u00f3 secuelas y temores al salir a la calle o volver al hogar. Abrazo a quienes han pasado por eso. Me duele enormemente el hecho de que Rosario va a tener en 2021 el doble de homicidios que en 2017\u201d, sostuvo.<\/p>\n<p>Asimismo, reconoci\u00f3 que se debe tener mucho respeto institucional por la figura del gobernador y al respecto, dijo: \u201cNo puedo dejar de sentir preocupaci\u00f3n por la agresividad\u201d que recibi\u00f3 durante la marcha.<\/p>\n<p>Consultada sobre si hubiera estado presente, Garc\u00eda se\u00f1al\u00f3: \u201cCreo que dar la cara, cuando se es gobernador, es algo diferente. Lo he visto a Miguel (Lifschitz) en reuniones con familiares, donde se puede hablar, donde llamaba a sus ministros de Seguridad y de Justicia (que hoy no tenemos) y se aborda el problema enfrentando la situaci\u00f3n y buscando caminos de soluci\u00f3n. Lo he visto ponerse al frente de las situaciones m\u00e1s dif\u00edciles, pero siempre con trabajo y con gesti\u00f3n\u201d, destac\u00f3.<\/p>\n<p>\u201cEn el espacio pol\u00edtico que integro tenemos responsabilidad y autocr\u00edtica\u201d, asegur\u00f3 la actual diputada provincial y revel\u00f3 que, en lo personal, \u201cpermanentemente analizo qu\u00e9 cosa hicimos bien y cu\u00e1les no\u201d. Garc\u00eda valor\u00f3 que \u201cen los cuatro a\u00f1os de gobierno de Miguel, todo lo que hab\u00eda para hacer se inici\u00f3. La complejidad de la inseguridad y de los entramados que hoy tiene la violencia no se modifican en poco tiempo, pero est\u00e1bamos seriamente encaminados, fortaleciendo la justicia penal, las fuerzas de seguridad y los programas sociales para que los j\u00f3venes no caigan en el delito\u201d, enumer\u00f3.<\/p>\n<p>\u201cHab\u00eda di\u00e1logo con la Naci\u00f3n, con los municipios y comunas, con las organizaciones sociales que conocen lo que pasa en los barrios m\u00e1s vulnerables\u201d, a\u00f1adi\u00f3.<\/p>\n<p>\u201cEn el gobierno de Lifschitz se nombraron 90 fiscales para que investiguen delitos penales. En los casi dos a\u00f1os que lleva de gesti\u00f3n, Perotti no nombr\u00f3 ninguno. Por eso, invito una vez m\u00e1s al gobernador a que reflexione, a que no se encierre, a qu\u00e9 invierta el presupuesto que tiene aprobado para seguridad, a que convoque a la Junta Provincial de Seguridad\u201d, reclam\u00f3.<\/p>\n<p>\u201cEn su momento, el Frente Progresista asumi\u00f3 el desaf\u00edo hist\u00f3rico de transformar el sistema de enjuiciamiento en materia penal, indispensable para perseguir el delito. Implic\u00f3 la creaci\u00f3n desde cero del Ministerio P\u00fablico de la Acusaci\u00f3n (MPA) y el Servicio P\u00fablico Provincial de la Defensa Penal (SPPDP). Adem\u00e1s, se crearon los nuevos tribunales penales y las Oficinas de Gesti\u00f3n Judicial. Desde ese momento se fueron cubriendo los cargos para garantizar esa transformaci\u00f3n, pero hace dos a\u00f1os que el proceso se interrumpi\u00f3. Santa Fe necesita revalorizar la Justicia&#8221;, insisti\u00f3.<\/p>\n","protected":false},"excerpt":{"rendered":"<p>La candidata a senadora nacional del Frente Amplio Progresista (FAP) reiter\u00f3 su reclamo al gobernador Perotti para que convoque a la Junta Provincial de Seguridad y refuerce la Justicia. \u201cEn lo que va de su gesti\u00f3n, no nombraron un solo fiscal\u201d, advirti\u00f3. La candidata a senadora nacional del Frente Amplio Progresista (FAP), Clara Garc\u00eda, solicit\u00f3 [&hellip;]<\/p>\n","protected":false},"author":3,"featured_media":28897,"comment_status":"closed","ping_status":"closed","sticky":false,"template":"","format":"standard","meta":{"_joinchat":[],"footnotes":""},"categories":[66],"tags":[],"class_list":{"0":"post-28896","1":"post","2":"type-post","3":"status-publish","4":"format-standard","5":"has-post-thumbnail","7":"category-politica"},"_links":{"self":[{"href":"https:\/\/infovera.com.ar\/web\/wp-json\/wp\/v2\/posts\/28896","targetHints":{"allow":["GET"]}}],"collection":[{"href":"https:\/\/infovera.com.ar\/web\/wp-json\/wp\/v2\/posts"}],"about":[{"href":"https:\/\/infovera.com.ar\/web\/wp-json\/wp\/v2\/types\/post"}],"author":[{"embeddable":true,"href":"https:\/\/infovera.com.ar\/web\/wp-json\/wp\/v2\/users\/3"}],"replies":[{"embeddable":true,"href":"https:\/\/infovera.com.ar\/web\/wp-json\/wp\/v2\/comments?post=28896"}],"version-history":[{"count":0,"href":"https:\/\/infovera.com.ar\/web\/wp-json\/wp\/v2\/posts\/28896\/revisions"}],"wp:featuredmedia":[{"embeddable":true,"href":"https:\/\/infovera.com.ar\/web\/wp-json\/wp\/v2\/media\/28897"}],"wp:attachment":[{"href":"https:\/\/infovera.com.ar\/web\/wp-json\/wp\/v2\/media?parent=28896"}],"wp:term":[{"taxonomy":"category","embeddable":true,"href":"https:\/\/infovera.com.ar\/web\/wp-json\/wp\/v2\/categories?post=28896"},{"taxonomy":"post_tag","embeddable":true,"href":"https:\/\/infovera.com.ar\/web\/wp-json\/wp\/v2\/tags?post=28896"}],"curies":[{"name":"wp","href":"https:\/\/api.w.org\/{rel}","templated":true}]}}