{"id":28893,"date":"2021-10-28T21:36:24","date_gmt":"2021-10-29T00:36:24","guid":{"rendered":"https:\/\/infovera.com.ar\/web\/?p=28893"},"modified":"2021-10-28T21:36:24","modified_gmt":"2021-10-29T00:36:24","slug":"paula-mitre-se-reunio-con-monica-fein","status":"publish","type":"post","link":"https:\/\/infovera.com.ar\/web\/2021\/10\/28\/paula-mitre-se-reunio-con-monica-fein\/","title":{"rendered":"Paula Mitre se reuni\u00f3 con M\u00f3nica Fein"},"content":{"rendered":"<p><strong>La intendente Paula Mitre recibi\u00f3 M\u00f3nica Fein, ex intendente de Rosario, hoy candidata a Diputada Nacional por el Frente Progresista.<\/strong><\/p>\n<p>Del encuentro participaron Nancy Senn y Viviana Thomas, ambas candidatas a Concejal por este espacio pol\u00edtico.<\/p>\n<p>Fein hizo un repaso de las propuestas que pretende impulsar desde la C\u00e1mara de Diputados de la Naci\u00f3n, en caso de ser electa: \u201cfui intendente por lo que conozco muy de adentro lo importante que significa acompa\u00f1ar a los municipios y comunas de mi provincia en la gesti\u00f3n de sus demandas\u201d.<\/p>\n<p>Paula Mitre le entreg\u00f3 una nota en manos por la cual le requiere el acompa\u00f1amiento para comenzar las gestiones de conseguir fondos nacionales para la adquisici\u00f3n de un predio para el parque industrial de Vera.<\/p>\n<p>La intendente puso de relieve que \u201cha sido una charla muy productiva, con una dirigente que conoce de municipios por su gesti\u00f3n, comprende nuestras urgencias para resolver las demandas de nuestros vecinos y se comprometi\u00f3 a acompa\u00f1arnos en este nuevo desaf\u00edo de mi comunidad que es trabajar y gestionar para concretar nuestro futuro parque o \u00e1rea industrial.<\/p>\n<p>Ella comprende que la demanda de empleo genuino tiene una salida a trav\u00e9s de la actividad productiva y el agregado de valor y celebro estas coincidencias. Hemos dialogado sobre este tema, tambi\u00e9n sobre la necesidad de pensar en un insumo fundamental para gastos como lo es conectarnos al gas natural, para lo que tambi\u00e9n comprometi\u00f3 su colaboraci\u00f3n\u201d.<\/p>\n","protected":false},"excerpt":{"rendered":"<p>La intendente Paula Mitre recibi\u00f3 M\u00f3nica Fein, ex intendente de Rosario, hoy candidata a Diputada Nacional por el Frente Progresista. Del encuentro participaron Nancy Senn y Viviana Thomas, ambas candidatas a Concejal por este espacio pol\u00edtico. Fein hizo un repaso de las propuestas que pretende impulsar desde la C\u00e1mara de Diputados de la Naci\u00f3n, en [&hellip;]<\/p>\n","protected":false},"author":3,"featured_media":28894,"comment_status":"closed","ping_status":"closed","sticky":false,"template":"","format":"standard","meta":{"_joinchat":[],"footnotes":""},"categories":[66],"tags":[],"class_list":{"0":"post-28893","1":"post","2":"type-post","3":"status-publish","4":"format-standard","5":"has-post-thumbnail","7":"category-politica"},"_links":{"self":[{"href":"https:\/\/infovera.com.ar\/web\/wp-json\/wp\/v2\/posts\/28893","targetHints":{"allow":["GET"]}}],"collection":[{"href":"https:\/\/infovera.com.ar\/web\/wp-json\/wp\/v2\/posts"}],"about":[{"href":"https:\/\/infovera.com.ar\/web\/wp-json\/wp\/v2\/types\/post"}],"author":[{"embeddable":true,"href":"https:\/\/infovera.com.ar\/web\/wp-json\/wp\/v2\/users\/3"}],"replies":[{"embeddable":true,"href":"https:\/\/infovera.com.ar\/web\/wp-json\/wp\/v2\/comments?post=28893"}],"version-history":[{"count":0,"href":"https:\/\/infovera.com.ar\/web\/wp-json\/wp\/v2\/posts\/28893\/revisions"}],"wp:featuredmedia":[{"embeddable":true,"href":"https:\/\/infovera.com.ar\/web\/wp-json\/wp\/v2\/media\/28894"}],"wp:attachment":[{"href":"https:\/\/infovera.com.ar\/web\/wp-json\/wp\/v2\/media?parent=28893"}],"wp:term":[{"taxonomy":"category","embeddable":true,"href":"https:\/\/infovera.com.ar\/web\/wp-json\/wp\/v2\/categories?post=28893"},{"taxonomy":"post_tag","embeddable":true,"href":"https:\/\/infovera.com.ar\/web\/wp-json\/wp\/v2\/tags?post=28893"}],"curies":[{"name":"wp","href":"https:\/\/api.w.org\/{rel}","templated":true}]}}