{"id":28890,"date":"2021-10-28T19:31:38","date_gmt":"2021-10-28T22:31:38","guid":{"rendered":"https:\/\/infovera.com.ar\/web\/?p=28890"},"modified":"2021-10-28T19:31:38","modified_gmt":"2021-10-28T22:31:38","slug":"la-provincia-comenzo-a-aplicar-terceras-dosis-a-la-poblacion-objetivo","status":"publish","type":"post","link":"https:\/\/infovera.com.ar\/web\/2021\/10\/28\/la-provincia-comenzo-a-aplicar-terceras-dosis-a-la-poblacion-objetivo\/","title":{"rendered":"La provincia comenz\u00f3 a aplicar terceras dosis a la poblaci\u00f3n objetivo"},"content":{"rendered":"<p>La provincia de Santa Fe, a trav\u00e9s del Ministerio de Salud, contin\u00faa la vacunaci\u00f3n para personas de 3 a 17 a\u00f1os, en tanto que aquellos que sean mayores de 50 a\u00f1os y hayan recibido las dos dosis de Sinopharm, deber\u00e1n aplicarse una tercera dosis.<\/p>\n<p>&nbsp;<\/p>\n<p>Ante esto, la ministra de Salud, Sonia Martorano, afirm\u00f3: \u201cDesde hoy comenzamos a colocar terceras dosis, a completar esquemas en inmunodeprimidos y en personas de 50 a\u00f1os, o m\u00e1s, que hayan recibido esquema completo de Sinopharm. Tenemos 117.000 personas mayores de 50 a\u00f1os para terceras dosis y ya hoy dimos 8.000 turnos para completar esquemas con Astrazeneca\u201d.<\/p>\n<p>&nbsp;<\/p>\n<p>Por otro lado, enumer\u00f3 la diferencia con aquellas personas que deber\u00e1n aplicarse un refuerzo y agreg\u00f3: \u201cSe trata de una dosis anual que comenzar\u00e1 a aplicarse desde diciembre con la misma vacuna con la que completaron el esquema, con una hom\u00f3loga, teniendo en cuenta la fecha de colocaci\u00f3n de la primera dosis\u201d.<\/p>\n<p>&nbsp;<\/p>\n<p>A su vez, vale aclarar que los inmunodeprimidos son aquellas personas que reciben tratamiento oncol\u00f3gico para tumores s\u00f3lidos y onco-hematol\u00f3gicos, receptores de trasplante de \u00f3rgano s\u00f3lido, receptores de trasplante de c\u00e9lulas progenitoras hematopoy\u00e9ticas en los \u00faltimos dos a\u00f1os, inmunodeficiencia primaria, moderada o grave, personas viviendo con VIH y aquellos que tengan un tratamiento activo con corticoides en dosis altas.<\/p>\n<p>&nbsp;<\/p>\n<p>Las localidades que empezar\u00e1n esta semana con la aplicaci\u00f3n de las terceras dosis son: Venado Tuerto, Santa Fe, Rafaela, Rosario, Tostado, Suardi, Humberto Primo, P\u00e9rez, Granadero Baigorria, Villa Minetti, Capit\u00e1n Berm\u00fadez, Puerto General San Mart\u00edn, Fray Luis Beltr\u00e1n, M\u00e1ximo Paz, Pilar, San Javier, Santa Clara de la Buena Vista, Santa Rosa de Calchines, Sarmiento, Santo Domingo y Sauce Viejo.<\/p>\n<p>&nbsp;<\/p>\n<p>Para cerrar, Martorano remarc\u00f3 el avance de la vacunaci\u00f3n en personas menores de edad y finaliz\u00f3: \u201cYa tenemos 130.000 entre 3 y 11 a\u00f1os con su primera dosis y 200.000 de 12 a 17, de los cuales unos 40.000 ya recibieron su segunda dosis con lo cual completaron el esquema\u201d.<\/p>\n","protected":false},"excerpt":{"rendered":"<p>La provincia de Santa Fe, a trav\u00e9s del Ministerio de Salud, contin\u00faa la vacunaci\u00f3n para personas de 3 a 17 a\u00f1os, en tanto que aquellos que sean mayores de 50 a\u00f1os y hayan recibido las dos dosis de Sinopharm, deber\u00e1n aplicarse una tercera dosis. &nbsp; Ante esto, la ministra de Salud, Sonia Martorano, afirm\u00f3: \u201cDesde [&hellip;]<\/p>\n","protected":false},"author":3,"featured_media":28891,"comment_status":"closed","ping_status":"closed","sticky":false,"template":"","format":"standard","meta":{"_joinchat":[],"footnotes":""},"categories":[60],"tags":[],"class_list":{"0":"post-28890","1":"post","2":"type-post","3":"status-publish","4":"format-standard","5":"has-post-thumbnail","7":"category-provinciales"},"_links":{"self":[{"href":"https:\/\/infovera.com.ar\/web\/wp-json\/wp\/v2\/posts\/28890","targetHints":{"allow":["GET"]}}],"collection":[{"href":"https:\/\/infovera.com.ar\/web\/wp-json\/wp\/v2\/posts"}],"about":[{"href":"https:\/\/infovera.com.ar\/web\/wp-json\/wp\/v2\/types\/post"}],"author":[{"embeddable":true,"href":"https:\/\/infovera.com.ar\/web\/wp-json\/wp\/v2\/users\/3"}],"replies":[{"embeddable":true,"href":"https:\/\/infovera.com.ar\/web\/wp-json\/wp\/v2\/comments?post=28890"}],"version-history":[{"count":0,"href":"https:\/\/infovera.com.ar\/web\/wp-json\/wp\/v2\/posts\/28890\/revisions"}],"wp:featuredmedia":[{"embeddable":true,"href":"https:\/\/infovera.com.ar\/web\/wp-json\/wp\/v2\/media\/28891"}],"wp:attachment":[{"href":"https:\/\/infovera.com.ar\/web\/wp-json\/wp\/v2\/media?parent=28890"}],"wp:term":[{"taxonomy":"category","embeddable":true,"href":"https:\/\/infovera.com.ar\/web\/wp-json\/wp\/v2\/categories?post=28890"},{"taxonomy":"post_tag","embeddable":true,"href":"https:\/\/infovera.com.ar\/web\/wp-json\/wp\/v2\/tags?post=28890"}],"curies":[{"name":"wp","href":"https:\/\/api.w.org\/{rel}","templated":true}]}}