{"id":28887,"date":"2021-10-28T19:29:59","date_gmt":"2021-10-28T22:29:59","guid":{"rendered":"https:\/\/infovera.com.ar\/web\/?p=28887"},"modified":"2021-10-30T09:04:02","modified_gmt":"2021-10-30T12:04:02","slug":"dos-jovenes-de-vera-sustrajeron-mercaderia-de-un-camion","status":"publish","type":"post","link":"https:\/\/infovera.com.ar\/web\/2021\/10\/28\/dos-jovenes-de-vera-sustrajeron-mercaderia-de-un-camion\/","title":{"rendered":"Dos j\u00f3venes de Vera sustrajeron mercader\u00eda de un cami\u00f3n"},"content":{"rendered":"<p><strong>Personal policial de la\u00a0 Secci\u00f3n Comando Radioel\u00e9ctrico en circunstancias que se encontrase realizando patrullajes preventivos por el ejido urbano divisan por calle Sambarino \u00a0personas en actitud sospechosa,<\/strong> quienes al notar la presencia policial se dan a la fuga; las cuales dejaron \u00a0a varias cuadras del lugar abandonadas \u00a0dos motocicletas marca honda, 150 cc, sin dominio visibles en regular estado de conservaci\u00f3n, una de color roja y otra de color negro; pack de mercader\u00edas.<\/p>\n<p>Los oficiales procedieron al secuestro de los elementos, continuando con\u00a0 diligencias investigativas a los fines de establecer la procedencia de lo hallado, establecen que desde\u00a0 un cami\u00f3n \u00a0de empresa de transporte de encomiendas y\/o mercader\u00edas , previo ocasionar da\u00f1os\u00a0 de cableado del cami\u00f3n; sustrajeron la mercader\u00eda;\u00a0 asimismo \u00a0establecen\u00a0\u00a0 que las motos\u00a0 ser\u00edan propiedad de\u00a0 dos j\u00f3venes,\u00a0 de 20 y 18 a\u00f1os respectivamente, ambos domiciliados en esta ciudad de Vera.<\/p>\n<p>Trasladados a sede policial e\u00a0 Interiorizado el Fiscal interviniente orden\u00f3 finalizadas tareas legales de rigor los causantes mismos recuperen su estado de libertad, en cuanto a los \u00a0motoveh\u00edculos permanezcan secuestrados en sede policial.<\/p>\n","protected":false},"excerpt":{"rendered":"<p>Personal policial de la\u00a0 Secci\u00f3n Comando Radioel\u00e9ctrico en circunstancias que se encontrase realizando patrullajes preventivos por el ejido urbano divisan por calle Sambarino \u00a0personas en actitud sospechosa, quienes al notar la presencia policial se dan a la fuga; las cuales dejaron \u00a0a varias cuadras del lugar abandonadas \u00a0dos motocicletas marca honda, 150 cc, sin dominio [&hellip;]<\/p>\n","protected":false},"author":3,"featured_media":28888,"comment_status":"closed","ping_status":"closed","sticky":false,"template":"","format":"standard","meta":{"_joinchat":[],"footnotes":""},"categories":[30,53],"tags":[],"class_list":{"0":"post-28887","1":"post","2":"type-post","3":"status-publish","4":"format-standard","5":"has-post-thumbnail","7":"category-policiales","8":"category-vera"},"_links":{"self":[{"href":"https:\/\/infovera.com.ar\/web\/wp-json\/wp\/v2\/posts\/28887","targetHints":{"allow":["GET"]}}],"collection":[{"href":"https:\/\/infovera.com.ar\/web\/wp-json\/wp\/v2\/posts"}],"about":[{"href":"https:\/\/infovera.com.ar\/web\/wp-json\/wp\/v2\/types\/post"}],"author":[{"embeddable":true,"href":"https:\/\/infovera.com.ar\/web\/wp-json\/wp\/v2\/users\/3"}],"replies":[{"embeddable":true,"href":"https:\/\/infovera.com.ar\/web\/wp-json\/wp\/v2\/comments?post=28887"}],"version-history":[{"count":0,"href":"https:\/\/infovera.com.ar\/web\/wp-json\/wp\/v2\/posts\/28887\/revisions"}],"wp:featuredmedia":[{"embeddable":true,"href":"https:\/\/infovera.com.ar\/web\/wp-json\/wp\/v2\/media\/28888"}],"wp:attachment":[{"href":"https:\/\/infovera.com.ar\/web\/wp-json\/wp\/v2\/media?parent=28887"}],"wp:term":[{"taxonomy":"category","embeddable":true,"href":"https:\/\/infovera.com.ar\/web\/wp-json\/wp\/v2\/categories?post=28887"},{"taxonomy":"post_tag","embeddable":true,"href":"https:\/\/infovera.com.ar\/web\/wp-json\/wp\/v2\/tags?post=28887"}],"curies":[{"name":"wp","href":"https:\/\/api.w.org\/{rel}","templated":true}]}}