{"id":28861,"date":"2021-10-27T18:54:00","date_gmt":"2021-10-27T21:54:00","guid":{"rendered":"https:\/\/infovera.com.ar\/web\/?p=28861"},"modified":"2021-10-27T20:37:14","modified_gmt":"2021-10-27T23:37:14","slug":"la-provincia-retomo-las-reuniones-paritarias-con-los-gremios-docentes","status":"publish","type":"post","link":"https:\/\/infovera.com.ar\/web\/2021\/10\/27\/la-provincia-retomo-las-reuniones-paritarias-con-los-gremios-docentes\/","title":{"rendered":"La provincia retom\u00f3 las reuniones paritarias con los gremios docentes"},"content":{"rendered":"<p><strong>La ministra de Educaci\u00f3n, Adriana Cantero, y su par de Trabajo, Empleo y Seguridad Social, Juan Manuel Pusineri, mantuvieron este mi\u00e9rcoles un nuevo encuentro paritario con representantes de Amsafe y Amet.<\/strong><\/p>\n<p>En la oportunidad, Cantero se\u00f1al\u00f3: \u201cEstamos en una instancia de di\u00e1logo y por lo tanto es momento de construcci\u00f3n y aproximaci\u00f3n entre las partes. Nosotros tenemos toda la voluntad de resolver este conflicto y tenemos la aspiraci\u00f3n de que todos puedan cobrar el aumento del mes de octubre y como es un di\u00e1logo entre partes requerimos el esfuerzo de ambos sectores para producir esa aproximaci\u00f3n y de alg\u00fan modo la aceptaci\u00f3n de la propuesta\u201d.<\/p>\n<p>En referencia al encuentro paritario, la ministra de Educaci\u00f3n se\u00f1al\u00f3 que \u201clo importante es que nos volvemos a encontrar y a restablecer la conversaci\u00f3n. Hemos podido intercambiar informaci\u00f3n pertinente de todo el punteo de temas no salariales que conforman el pedido de reivindicaciones de Amsafe y Amet\u201d.<\/p>\n<div style=\"width: 640px;\" class=\"wp-video\"><video class=\"wp-video-shortcode\" id=\"video-28861-1\" width=\"640\" height=\"360\" preload=\"metadata\" controls=\"controls\"><source type=\"video\/mp4\" src=\"https:\/\/www.santafe.gob.ar\/noticias\/recursos\/videosHD\/2021\/10\/2021-10-27NID_272818O_1.mp4?_=1\" \/><a href=\"https:\/\/www.santafe.gob.ar\/noticias\/recursos\/videosHD\/2021\/10\/2021-10-27NID_272818O_1.mp4\">https:\/\/www.santafe.gob.ar\/noticias\/recursos\/videosHD\/2021\/10\/2021-10-27NID_272818O_1.mp4<\/a><\/video><\/div>\n<p>En ese sentido, Cantero indic\u00f3 que desde Educaci\u00f3n se aclararon los cuestionamientos respecto de \u201cinversi\u00f3n en infraestructura, creaci\u00f3n significativa de cargos en los dos \u00faltimos a\u00f1os, titularizaciones y concursos y mejora integral de las condiciones de trabajo\u201d.<\/p>\n<p>Por su parte, el ministro de Trabajo, Empleo y Seguridad Social, Juan Manuel Pusineri remarc\u00f3 que \u201cen el marco de un esquema de di\u00e1logo con los gremios docentes pautamos dos encuentros, uno que se va a producir el viernes y otro para el lunes, relacionados con cuestiones que fueron objeto de debates en estos d\u00edas. Hablo concretamente de la situaci\u00f3n referida al IAPOS, para lo cual vamos a estar convocando al director provincial de la obra social para que en primera persona se interiorice del tema y vea cuales son los problemas que vienen planteando los gremios\u201d.<\/p>\n<p>Asimismo, el ministro precis\u00f3 que tambi\u00e9n abordar\u00e1n el tema transporte indicando que \u201cotro de los puntos tiene que ver con el transporte, con la complejidad de la frecuencias para trasladar a las y los docentes a sus lugares de trabajo. El pr\u00f3ximo viernes se abordar\u00e1 con el responsable del Boleto Educativo algunos temas relacionados con el Boleto Educativo Gratuito y el Boleto Educativo Rural\u201d.<\/p>\n<p>Finalmente, Pusineri se refiri\u00f3 a la cuesti\u00f3n salarial y remarc\u00f3 que \u201cnosotros hemos sido claros, nuestra aspiraci\u00f3n es que a partir del mes de octubre todos y todas las docentes puedan percibir el aumento salarial, vamos a intentar hacer el esfuerzo para que eso suceda y se lo manifestamos a los dirigentes gremiales\u201d.<\/p>\n<div style=\"width: 640px;\" class=\"wp-video\"><video class=\"wp-video-shortcode\" id=\"video-28861-2\" width=\"640\" height=\"360\" preload=\"metadata\" controls=\"controls\"><source type=\"video\/mp4\" src=\"https:\/\/www.santafe.gob.ar\/noticias\/recursos\/videosHD\/2021\/10\/2021-10-27NID_272818O_2.mp4?_=2\" \/><a href=\"https:\/\/www.santafe.gob.ar\/noticias\/recursos\/videosHD\/2021\/10\/2021-10-27NID_272818O_2.mp4\">https:\/\/www.santafe.gob.ar\/noticias\/recursos\/videosHD\/2021\/10\/2021-10-27NID_272818O_2.mp4<\/a><\/video><\/div>\n","protected":false},"excerpt":{"rendered":"<p>La ministra de Educaci\u00f3n, Adriana Cantero, y su par de Trabajo, Empleo y Seguridad Social, Juan Manuel Pusineri, mantuvieron este mi\u00e9rcoles un nuevo encuentro paritario con representantes de Amsafe y Amet. En la oportunidad, Cantero se\u00f1al\u00f3: \u201cEstamos en una instancia de di\u00e1logo y por lo tanto es momento de construcci\u00f3n y aproximaci\u00f3n entre las partes. [&hellip;]<\/p>\n","protected":false},"author":3,"featured_media":28862,"comment_status":"closed","ping_status":"closed","sticky":false,"template":"","format":"standard","meta":{"_joinchat":[],"footnotes":""},"categories":[27,60],"tags":[],"class_list":{"0":"post-28861","1":"post","2":"type-post","3":"status-publish","4":"format-standard","5":"has-post-thumbnail","7":"category-gremiales","8":"category-provinciales"},"_links":{"self":[{"href":"https:\/\/infovera.com.ar\/web\/wp-json\/wp\/v2\/posts\/28861","targetHints":{"allow":["GET"]}}],"collection":[{"href":"https:\/\/infovera.com.ar\/web\/wp-json\/wp\/v2\/posts"}],"about":[{"href":"https:\/\/infovera.com.ar\/web\/wp-json\/wp\/v2\/types\/post"}],"author":[{"embeddable":true,"href":"https:\/\/infovera.com.ar\/web\/wp-json\/wp\/v2\/users\/3"}],"replies":[{"embeddable":true,"href":"https:\/\/infovera.com.ar\/web\/wp-json\/wp\/v2\/comments?post=28861"}],"version-history":[{"count":0,"href":"https:\/\/infovera.com.ar\/web\/wp-json\/wp\/v2\/posts\/28861\/revisions"}],"wp:featuredmedia":[{"embeddable":true,"href":"https:\/\/infovera.com.ar\/web\/wp-json\/wp\/v2\/media\/28862"}],"wp:attachment":[{"href":"https:\/\/infovera.com.ar\/web\/wp-json\/wp\/v2\/media?parent=28861"}],"wp:term":[{"taxonomy":"category","embeddable":true,"href":"https:\/\/infovera.com.ar\/web\/wp-json\/wp\/v2\/categories?post=28861"},{"taxonomy":"post_tag","embeddable":true,"href":"https:\/\/infovera.com.ar\/web\/wp-json\/wp\/v2\/tags?post=28861"}],"curies":[{"name":"wp","href":"https:\/\/api.w.org\/{rel}","templated":true}]}}