{"id":28858,"date":"2021-10-27T18:46:54","date_gmt":"2021-10-27T21:46:54","guid":{"rendered":"https:\/\/infovera.com.ar\/web\/?p=28858"},"modified":"2021-10-27T18:46:54","modified_gmt":"2021-10-27T21:46:54","slug":"perotti-en-el-encuentro-de-came-somos-la-provincia-que-tiene-el-mayor-nivel-de-recuperacion","status":"publish","type":"post","link":"https:\/\/infovera.com.ar\/web\/2021\/10\/27\/perotti-en-el-encuentro-de-came-somos-la-provincia-que-tiene-el-mayor-nivel-de-recuperacion\/","title":{"rendered":"Perotti en el encuentro de CAME: \u201cSomos la provincia que tiene el mayor nivel de recuperaci\u00f3n\u201d"},"content":{"rendered":"<p>El gobernador Omar Perotti particip\u00f3 este martes de la reuni\u00f3n del Comit\u00e9 de Presidencia y del Consejo Directivo de la Confederaci\u00f3n Argentina de Mediana Empresa (Came), en la ciudad de Rosario.<\/p>\n<p>&nbsp;<\/p>\n<p>\u201cEs una alegr\u00eda volver a verlos; encontrarnos de manera presencial, compartir este momento. En primer lugar, quiero agradecerles a todos, porque representan a distintos sectores de la actividad productiva, que han tenido un desempe\u00f1o importante en todo este tiempo, y tambi\u00e9n por el acompa\u00f1amiento en las medidas y como dirigentes comprometidos con la comunidad\u201d, dijo el gobernador.<\/p>\n<p>&nbsp;<\/p>\n<p>M\u00e1s adelante, Perotti sostuvo que \u201chan estado permanentemente en la b\u00fasqueda de tener a esta provincia lo m\u00e1s activa desde el inicio de la pandemia, y con la responsabilidad que el sector encar\u00f3 junto a cada uno de los dirigentes gremiales, en la elaboraci\u00f3n y el cumplimiento de los protocolos. Por eso el agradecimiento, por el compromiso y el esfuerzo que han hecho\u201d, expres\u00f3.<\/p>\n<p>&nbsp;<\/p>\n<p>En esa l\u00ednea, el mandatario provincial agradeci\u00f3 a los dirigentes de la Confederaci\u00f3n: \u201cTengo una alta valoraci\u00f3n por el dirigente que representa a sus pares en su ciudad, en su Federaci\u00f3n y en CAME. El dirigente le quita tiempo a su familia, a sus amigos y al descanso para brind\u00e1rselo a su sector; un hecho que lo termina transformando en un dirigente de toda la comunidad, y eso para m\u00ed tiene un alto valor\u201d, ponder\u00f3 el gobernador.<\/p>\n<p>&nbsp;<\/p>\n<p>\u201cOjal\u00e1 hayamos podido estar cerca de las expectativas -indic\u00f3 el mandatario provincial-, con medidas como Billetera Santa Fe, tratando de generar alternativas que den la posibilidad a cada comercio de activar, de generar ventas, ayudando a la gente con su poder adquisitivo, acompa\u00f1arlos con tarifas, y fundamentalmente determinar que nosotros vamos a tener estabilidad fiscal para el sector durante todos los a\u00f1os que gobernemos\u201d.<\/p>\n<p>&nbsp;<\/p>\n<p>Por \u00faltimo, Perotti indic\u00f3 que \u201cest\u00e1n en la provincia que hoy marca un ritmo de recuperaci\u00f3n econ\u00f3mica en el m\u00e1ximo nivel; somos la provincia que tiene mayor nivel de recuperaci\u00f3n, de actividad productiva, inversi\u00f3n y trabajo registrado. Se lo debemos al esfuerzo de cada uno de los empresarios y trabajadores por haber afrontado esto de la mejor manera y tener clara las expectativas de la econom\u00eda real\u201d, finaliz\u00f3 el gobernador de la provincia.<\/p>\n","protected":false},"excerpt":{"rendered":"<p>El gobernador Omar Perotti particip\u00f3 este martes de la reuni\u00f3n del Comit\u00e9 de Presidencia y del Consejo Directivo de la Confederaci\u00f3n Argentina de Mediana Empresa (Came), en la ciudad de Rosario. &nbsp; \u201cEs una alegr\u00eda volver a verlos; encontrarnos de manera presencial, compartir este momento. En primer lugar, quiero agradecerles a todos, porque representan a [&hellip;]<\/p>\n","protected":false},"author":3,"featured_media":28859,"comment_status":"closed","ping_status":"closed","sticky":false,"template":"","format":"standard","meta":{"_joinchat":[],"footnotes":""},"categories":[60],"tags":[],"class_list":{"0":"post-28858","1":"post","2":"type-post","3":"status-publish","4":"format-standard","5":"has-post-thumbnail","7":"category-provinciales"},"_links":{"self":[{"href":"https:\/\/infovera.com.ar\/web\/wp-json\/wp\/v2\/posts\/28858","targetHints":{"allow":["GET"]}}],"collection":[{"href":"https:\/\/infovera.com.ar\/web\/wp-json\/wp\/v2\/posts"}],"about":[{"href":"https:\/\/infovera.com.ar\/web\/wp-json\/wp\/v2\/types\/post"}],"author":[{"embeddable":true,"href":"https:\/\/infovera.com.ar\/web\/wp-json\/wp\/v2\/users\/3"}],"replies":[{"embeddable":true,"href":"https:\/\/infovera.com.ar\/web\/wp-json\/wp\/v2\/comments?post=28858"}],"version-history":[{"count":0,"href":"https:\/\/infovera.com.ar\/web\/wp-json\/wp\/v2\/posts\/28858\/revisions"}],"wp:featuredmedia":[{"embeddable":true,"href":"https:\/\/infovera.com.ar\/web\/wp-json\/wp\/v2\/media\/28859"}],"wp:attachment":[{"href":"https:\/\/infovera.com.ar\/web\/wp-json\/wp\/v2\/media?parent=28858"}],"wp:term":[{"taxonomy":"category","embeddable":true,"href":"https:\/\/infovera.com.ar\/web\/wp-json\/wp\/v2\/categories?post=28858"},{"taxonomy":"post_tag","embeddable":true,"href":"https:\/\/infovera.com.ar\/web\/wp-json\/wp\/v2\/tags?post=28858"}],"curies":[{"name":"wp","href":"https:\/\/api.w.org\/{rel}","templated":true}]}}