{"id":28818,"date":"2021-10-27T11:00:47","date_gmt":"2021-10-27T14:00:47","guid":{"rendered":"https:\/\/infovera.com.ar\/web\/?p=28818"},"modified":"2021-10-27T20:32:19","modified_gmt":"2021-10-27T23:32:19","slug":"congelamiento-de-precios-una-receta-populista","status":"publish","type":"post","link":"https:\/\/infovera.com.ar\/web\/2021\/10\/27\/congelamiento-de-precios-una-receta-populista\/","title":{"rendered":"Congelamiento de precios: una receta populista"},"content":{"rendered":"<p><strong>Una receta populista con efectos secundarios indeseables para una enfermedad estructural. Por FECECO (*)<\/strong><\/p>\n<p>El congelamiento de precios unilateral impuesto por el gobierno nacional es una herramienta utilizada en el pasado que, lejos de solucionar los problemas estructurales de la macroeconom\u00eda, instala o afianza situaciones que atentan contra la expansi\u00f3n econ\u00f3mica y aumento de producci\u00f3n.<\/p>\n<p>Repasar los libros de historia basta para no caer en el mismo error, quiz\u00e1s forzados por la urgencia coyuntural y la ausencia de un plan econ\u00f3mico acorde a la cr\u00edtica realidad de nuestra econom\u00eda<\/p>\n<p>La libertad de mercado y las reglas claras y sostenidas en el tiempo son la base fundamental para que un sistema productivo se desarrolle con normalidad y expectativas de crecimiento.<\/p>\n<p>Los actores del \u00faltimo eslab\u00f3n de la cadena de comercializaci\u00f3n no son m\u00e1s que la cara visible y expuesta de una larga lista de participantes, entre ellos el Estado (en todas sus jurisdicciones), que no est\u00e1n obligados ni maniatados para producir los aumentos de sus insumos, servicios, prestaciones, impuestos y dem\u00e1s,\u00a0por lo que exigir un congelamiento de precios es impracticable en el tiempo, ni siquiera por los 90 d\u00edas establecidos.<\/p>\n<p>Instamos al Gobierno Nacional y a quienes les compete la responsabilidad de llegar a acuerdos pol\u00edticos, econ\u00f3micos, estrat\u00e9gicos, apliquen el sentido com\u00fan, la racionalidad y fundamentalmente pensar en el bien de los argentinos, despoj\u00e1ndose de ambiciones personales, mezquindades pol\u00edticos y oportunismos electorales.<\/p>\n<p>(*) Federaci\u00f3n de C\u00e1maras Empresarias del Comercio y Otras Actividades de la Provincia de Santa Fe<\/p>\n","protected":false},"excerpt":{"rendered":"<p>Una receta populista con efectos secundarios indeseables para una enfermedad estructural. Por FECECO (*) El congelamiento de precios unilateral impuesto por el gobierno nacional es una herramienta utilizada en el pasado que, lejos de solucionar los problemas estructurales de la macroeconom\u00eda, instala o afianza situaciones que atentan contra la expansi\u00f3n econ\u00f3mica y aumento de producci\u00f3n. [&hellip;]<\/p>\n","protected":false},"author":3,"featured_media":28819,"comment_status":"closed","ping_status":"closed","sticky":false,"template":"","format":"standard","meta":{"_joinchat":[],"footnotes":""},"categories":[58],"tags":[],"class_list":{"0":"post-28818","1":"post","2":"type-post","3":"status-publish","4":"format-standard","5":"has-post-thumbnail","7":"category-opinion"},"_links":{"self":[{"href":"https:\/\/infovera.com.ar\/web\/wp-json\/wp\/v2\/posts\/28818","targetHints":{"allow":["GET"]}}],"collection":[{"href":"https:\/\/infovera.com.ar\/web\/wp-json\/wp\/v2\/posts"}],"about":[{"href":"https:\/\/infovera.com.ar\/web\/wp-json\/wp\/v2\/types\/post"}],"author":[{"embeddable":true,"href":"https:\/\/infovera.com.ar\/web\/wp-json\/wp\/v2\/users\/3"}],"replies":[{"embeddable":true,"href":"https:\/\/infovera.com.ar\/web\/wp-json\/wp\/v2\/comments?post=28818"}],"version-history":[{"count":0,"href":"https:\/\/infovera.com.ar\/web\/wp-json\/wp\/v2\/posts\/28818\/revisions"}],"wp:featuredmedia":[{"embeddable":true,"href":"https:\/\/infovera.com.ar\/web\/wp-json\/wp\/v2\/media\/28819"}],"wp:attachment":[{"href":"https:\/\/infovera.com.ar\/web\/wp-json\/wp\/v2\/media?parent=28818"}],"wp:term":[{"taxonomy":"category","embeddable":true,"href":"https:\/\/infovera.com.ar\/web\/wp-json\/wp\/v2\/categories?post=28818"},{"taxonomy":"post_tag","embeddable":true,"href":"https:\/\/infovera.com.ar\/web\/wp-json\/wp\/v2\/tags?post=28818"}],"curies":[{"name":"wp","href":"https:\/\/api.w.org\/{rel}","templated":true}]}}