{"id":28763,"date":"2021-10-25T11:39:03","date_gmt":"2021-10-25T14:39:03","guid":{"rendered":"https:\/\/infovera.com.ar\/web\/?p=28763"},"modified":"2021-10-25T11:39:03","modified_gmt":"2021-10-25T14:39:03","slug":"el-brujo-ezequiel-hizo-vibrar-a-mas-de-6-mil-almas-en-margarita","status":"publish","type":"post","link":"https:\/\/infovera.com.ar\/web\/2021\/10\/25\/el-brujo-ezequiel-hizo-vibrar-a-mas-de-6-mil-almas-en-margarita\/","title":{"rendered":"El Brujo Ezequiel hizo vibrar a m\u00e1s de 6 mil almas en Margarita"},"content":{"rendered":"<p><strong>El cantante se present\u00f3 anoche en la localidad en el marco del programa &#8220;Santa Fe en tu Coraz\u00f3n&#8221;.<\/strong><\/p>\n<p>Actu\u00f3 frente a una multitud estimada en m\u00e1s de 6 mil personas que lo ovacionaron.<\/p>\n<p>&#8220;Los vecinos pudieron disfrutar la presentaci\u00f3n de El Brujo Ezequiel y destacados artistas, bailarines, m\u00fasicos&#8221;, destac\u00f3 Leonela, candidata a presidenta comunal del Frente de Todos y principal organizadora, junto a su equipo, del evento.<\/p>\n","protected":false},"excerpt":{"rendered":"<p>El cantante se present\u00f3 anoche en la localidad en el marco del programa &#8220;Santa Fe en tu Coraz\u00f3n&#8221;. Actu\u00f3 frente a una multitud estimada en m\u00e1s de 6 mil personas que lo ovacionaron. &#8220;Los vecinos pudieron disfrutar la presentaci\u00f3n de El Brujo Ezequiel y destacados artistas, bailarines, m\u00fasicos&#8221;, destac\u00f3 Leonela, candidata a presidenta comunal del [&hellip;]<\/p>\n","protected":false},"author":3,"featured_media":28764,"comment_status":"closed","ping_status":"closed","sticky":false,"template":"","format":"standard","meta":{"_joinchat":[],"footnotes":""},"categories":[54],"tags":[],"class_list":{"0":"post-28763","1":"post","2":"type-post","3":"status-publish","4":"format-standard","5":"has-post-thumbnail","7":"category-margarita"},"_links":{"self":[{"href":"https:\/\/infovera.com.ar\/web\/wp-json\/wp\/v2\/posts\/28763","targetHints":{"allow":["GET"]}}],"collection":[{"href":"https:\/\/infovera.com.ar\/web\/wp-json\/wp\/v2\/posts"}],"about":[{"href":"https:\/\/infovera.com.ar\/web\/wp-json\/wp\/v2\/types\/post"}],"author":[{"embeddable":true,"href":"https:\/\/infovera.com.ar\/web\/wp-json\/wp\/v2\/users\/3"}],"replies":[{"embeddable":true,"href":"https:\/\/infovera.com.ar\/web\/wp-json\/wp\/v2\/comments?post=28763"}],"version-history":[{"count":0,"href":"https:\/\/infovera.com.ar\/web\/wp-json\/wp\/v2\/posts\/28763\/revisions"}],"wp:featuredmedia":[{"embeddable":true,"href":"https:\/\/infovera.com.ar\/web\/wp-json\/wp\/v2\/media\/28764"}],"wp:attachment":[{"href":"https:\/\/infovera.com.ar\/web\/wp-json\/wp\/v2\/media?parent=28763"}],"wp:term":[{"taxonomy":"category","embeddable":true,"href":"https:\/\/infovera.com.ar\/web\/wp-json\/wp\/v2\/categories?post=28763"},{"taxonomy":"post_tag","embeddable":true,"href":"https:\/\/infovera.com.ar\/web\/wp-json\/wp\/v2\/tags?post=28763"}],"curies":[{"name":"wp","href":"https:\/\/api.w.org\/{rel}","templated":true}]}}