{"id":28648,"date":"2021-10-21T12:01:34","date_gmt":"2021-10-21T15:01:34","guid":{"rendered":"https:\/\/infovera.com.ar\/web\/?p=28648"},"modified":"2021-10-21T12:01:34","modified_gmt":"2021-10-21T15:01:34","slug":"mirabella-pidio-alentar-el-desarrollo-de-nuevos-sectores-de-la-economia","status":"publish","type":"post","link":"https:\/\/infovera.com.ar\/web\/2021\/10\/21\/mirabella-pidio-alentar-el-desarrollo-de-nuevos-sectores-de-la-economia\/","title":{"rendered":"Mirabella pidi\u00f3 alentar el desarrollo de nuevos sectores de la econom\u00eda"},"content":{"rendered":"<p><strong>El senador nacional Roberto Mirabella particip\u00f3 de la presentaci\u00f3n del evento &#8220;Pulsar eSports &#8211; Exhibici\u00f3n y Mercado de Contenidos&#8221; junto al Ministro de Cultura de la Provincia de Santa Fe, Jorge Llonch, al Subsecretario de Industrias Creativas, F\u00e9lix Fiore y la concejala de la Ciudad de Santa Fe, Jorgelina Mudallel.<\/strong><\/p>\n<p>En ese marco Mirabella expres\u00f3 que &#8220;Santa Fe no se detiene, Santa Fe avanza&#8221; y alent\u00f3 la &#8220;posibilidad de desarrollar nuevos sectores de nuestra econom\u00eda&#8221;. En ese mismo sentido afirm\u00f3 que &#8220;Santa fe es punta en muchas cadenas agroalimentarias y agroindustriales y tambi\u00e9n es punta en la elaboraci\u00f3n en el desarrollo de software, en el dise\u00f1o, en muchas industrias culturales&#8221;.<\/p>\n<p>Adem\u00e1s asegur\u00f3 que la provincia &#8220;avanza en obras de inversi\u00f3n en infraestructura y avanza tambi\u00e9n en estos temas ligados a los videojuegos, a la tecnolog\u00eda, a la elaboraci\u00f3n de software&#8221; y tambi\u00e9n sostuvo que &#8220;hay muchas pol\u00edticas p\u00fablicas que est\u00e1n dirigidas a los j\u00f3venes, desde los programas de mi primer empleo para los menores de 30 a\u00f1os para insertarlos al mundo laboral a esto qu\u00e9 tiene que ver con el dise\u00f1o&#8221;.<\/p>\n<p>Por su parte, Mudallel se mostr\u00f3 contenta &#8220;de que la ciudad de Santa Fe sea sede de este programa. Un programa que busca impulsar a las Industrias creativas a partir de los contenidos digitales y electr\u00f3nicos y la posibilidad de sumar a esta posibilidad de un mercado tan importante, que puede generar mucho trabajo, y obviamente articulando entre el estado y las distintas empresas que tienen trayectoria en este tema generando esta exposici\u00f3n para dar a conocer y tambi\u00e9n para impulsar esta industria creativa que se viene con todo y que es el futuro&#8221;.<\/p>\n<p><strong>Sobre el programa &#8220;PULSAR Santa Fe&#8221;<\/strong><\/p>\n<p>Organizado por los Ministerios de Cultura y de Producci\u00f3n, Ciencia y Tecnolog\u00eda de la provincia de Santa Fe con entrada libre y gratuita, el programa de videojuegos y juegos electr\u00f3nicos deportivos Pulsar eSports, se viene desarrollando desde 6 de octubre al 9 de noviembre en toda la provincia y este fin de semana estar\u00e1 disponible para el p\u00fablico en El Molino.<\/p>\n<p>Las jornadas de juegos y deportes electr\u00f3nicos que se est\u00e1n llevando adelante en 25 localidades de toda la provincia y realizan en plazas o espacios cubiertos de las localidades Venado Tuerto; Rufino; Firmat; Casilda; Las Rosas; Las Parejas; San Lorenzo; Ca\u00f1ada de G\u00f3mez; Galvez; San Crist\u00f3bal; Ceres; Sastre; Esperanza; Rafaela; Helvecia; Tostado; Vera; Reconquista; San Javier; San Justo; Rosario; Villa Constituci\u00f3n; Funes; Santa Fe y Santo Tom\u00e9.<\/p>\n","protected":false},"excerpt":{"rendered":"<p>El senador nacional Roberto Mirabella particip\u00f3 de la presentaci\u00f3n del evento &#8220;Pulsar eSports &#8211; Exhibici\u00f3n y Mercado de Contenidos&#8221; junto al Ministro de Cultura de la Provincia de Santa Fe, Jorge Llonch, al Subsecretario de Industrias Creativas, F\u00e9lix Fiore y la concejala de la Ciudad de Santa Fe, Jorgelina Mudallel. En ese marco Mirabella expres\u00f3 [&hellip;]<\/p>\n","protected":false},"author":3,"featured_media":28649,"comment_status":"closed","ping_status":"closed","sticky":false,"template":"","format":"standard","meta":{"_joinchat":[],"footnotes":""},"categories":[66],"tags":[],"class_list":{"0":"post-28648","1":"post","2":"type-post","3":"status-publish","4":"format-standard","5":"has-post-thumbnail","7":"category-politica"},"_links":{"self":[{"href":"https:\/\/infovera.com.ar\/web\/wp-json\/wp\/v2\/posts\/28648","targetHints":{"allow":["GET"]}}],"collection":[{"href":"https:\/\/infovera.com.ar\/web\/wp-json\/wp\/v2\/posts"}],"about":[{"href":"https:\/\/infovera.com.ar\/web\/wp-json\/wp\/v2\/types\/post"}],"author":[{"embeddable":true,"href":"https:\/\/infovera.com.ar\/web\/wp-json\/wp\/v2\/users\/3"}],"replies":[{"embeddable":true,"href":"https:\/\/infovera.com.ar\/web\/wp-json\/wp\/v2\/comments?post=28648"}],"version-history":[{"count":0,"href":"https:\/\/infovera.com.ar\/web\/wp-json\/wp\/v2\/posts\/28648\/revisions"}],"wp:featuredmedia":[{"embeddable":true,"href":"https:\/\/infovera.com.ar\/web\/wp-json\/wp\/v2\/media\/28649"}],"wp:attachment":[{"href":"https:\/\/infovera.com.ar\/web\/wp-json\/wp\/v2\/media?parent=28648"}],"wp:term":[{"taxonomy":"category","embeddable":true,"href":"https:\/\/infovera.com.ar\/web\/wp-json\/wp\/v2\/categories?post=28648"},{"taxonomy":"post_tag","embeddable":true,"href":"https:\/\/infovera.com.ar\/web\/wp-json\/wp\/v2\/tags?post=28648"}],"curies":[{"name":"wp","href":"https:\/\/api.w.org\/{rel}","templated":true}]}}