{"id":28614,"date":"2021-10-20T18:08:37","date_gmt":"2021-10-20T21:08:37","guid":{"rendered":"https:\/\/infovera.com.ar\/web\/?p=28614"},"modified":"2021-10-21T13:46:49","modified_gmt":"2021-10-21T16:46:49","slug":"un-hito-para-el-norte-inauguraron-el-imponente-edificio-de-los-tribunales-de-reconquista","status":"publish","type":"post","link":"https:\/\/infovera.com.ar\/web\/2021\/10\/20\/un-hito-para-el-norte-inauguraron-el-imponente-edificio-de-los-tribunales-de-reconquista\/","title":{"rendered":"Un hito para el norte: inauguraron el imponente edificio de los Tribunales de Reconquista"},"content":{"rendered":"<p><strong>El gobernador Perotti y los ministros de la Corte encabezaron el acto central. La inversi\u00f3n ascendi\u00f3 a 870 millones de pesos.<\/strong><\/p>\n<p>En el mediod\u00eda del mi\u00e9rcoles, las m\u00e1ximas autoridades judiciales y pol\u00edticas de la provincia dejaron inaugurado el magn\u00edfico edificio de la Tribunales de la ciudad de Reconquista.<\/p>\n<p>La ceremonia estuvo presidida por el gobernador Omar Perotti y por el presidente de la Corte Suprema, Roberto Falistocco, y participaron adem\u00e1s los ministros Mar\u00eda Ang\u00e9lica Gastaldi, Rafael Guti\u00e9rrez, Eduardo Spuler, Daniel Erbetta, el procurador Jorge Barraguirre, el juez federal Aldo Mario Alurralde, el intendente local Amadeo Enrique Vallejos, numerosos funcionarios judiciales, pol\u00edticos en funciones ejecutivas y del poder legislativo.<\/p>\n<p>La ronda discursiva fue abierta por el titular del Alto Tribunal, que dijo sentirse feliz por este hito y por la circunstancia no menor de que acto fuera presencial despu\u00e9s de tanto tiempo. Escalon\u00f3 su mensaje en varios tramos en los que abog\u00f3 por que la justicia \u201cmantenga abierta las ventanas\u201d de la flamante nueva sede \u201cno solo por el Covid\u201d sino tambi\u00e9n para \u201cestar atentos a las demandas de la sociedad\u201d.<\/p>\n<p>El Dr. Falistocco vaticin\u00f3 que la megaobra del palacio judicial traer\u00e1 aparejado un c\u00edrculo virtuoso de desarrollo en sus alrededores, ya que seguramente \u201ccobijar\u00e1 nuevos comercios y servicios que hacen tambi\u00e9n al desarrollo de la ciudad\u201d, que \u201cgenerar\u00e1n mano de obra\u201d.<\/p>\n<p>En sus palabras inaugurales, hizo referencia a que la obra fue iniciada por el gobierno de ex gobernador Miguel Lifchitz y concluida por la gesti\u00f3n de Omar Perotti, \u201ccomo debe ser en la vida democr\u00e1tica\u201d y que le \u201cagrega valor edilicio, patrimonial y est\u00e9tico a Reconquista y todo el norte\u201d.<\/p>\n<p>Enseguida, aludi\u00f3 a la demanda ciudadana de justicia, que crece por el hecho de que la sociedad adquiere m\u00e1s derechos: \u201c\u00a1Vamos a la justicia!\u201d, parafrase\u00f3 para ejemplificar la nueva consigna que hace tiempo se hizo carne en la gente.<\/p>\n<p>Dijo al respecto que es necesario que \u201cvayamos adecuando la labor a las exigencias que tenemos\u201d y destac\u00f3 que \u201cpor suerte el poder judicial tiene poder de autocr\u00edtica. Tenemos que aspirar a un cambio de gesti\u00f3n, por eso es necesario que soplen nuevos vientos\u201d.<\/p>\n<p><img loading=\"lazy\" decoding=\"async\" class=\" wp-image-28618 aligncenter\" src=\"https:\/\/infovera.com.ar\/web\/wp-content\/uploads\/2021\/10\/sede-300x169.jpg\" alt=\"\" width=\"737\" height=\"415\" srcset=\"https:\/\/infovera.com.ar\/web\/wp-content\/uploads\/2021\/10\/sede-300x169.jpg 300w, https:\/\/infovera.com.ar\/web\/wp-content\/uploads\/2021\/10\/sede-1024x576.jpg 1024w, https:\/\/infovera.com.ar\/web\/wp-content\/uploads\/2021\/10\/sede-768x432.jpg 768w, https:\/\/infovera.com.ar\/web\/wp-content\/uploads\/2021\/10\/sede-696x392.jpg 696w, https:\/\/infovera.com.ar\/web\/wp-content\/uploads\/2021\/10\/sede-1068x601.jpg 1068w, https:\/\/infovera.com.ar\/web\/wp-content\/uploads\/2021\/10\/sede-747x420.jpg 747w, https:\/\/infovera.com.ar\/web\/wp-content\/uploads\/2021\/10\/sede.jpg 1280w\" sizes=\"auto, (max-width: 737px) 100vw, 737px\" \/><\/p>\n<p><strong>Jueces activos<\/strong><\/p>\n<p>En esa misma l\u00ednea, abog\u00f3 por un \u201cjuez m\u00e1s activo, que tome contacto con el caso apenas se suscite, y no esperando el momento final dictando una sentencia, que sea un aut\u00e9ntico director del proceso, tal como se lo marca la ley, que conozca las partes y no que intervenga solo al final para dictar sentencia.<\/p>\n<p>El Ministro, en otro tramo de su alocuci\u00f3n, anunci\u00f3 \u201cla buena noticia que, dentro de pocos d\u00edas, tras las capacitaciones, se va a implementar el juicio oral en las causas civiles\u201d, y apreci\u00f3 que esa oralidad va a traer un \u201cacortamiento de los tiempos\u201d, con lo cual \u201cun juicio que duraba seis a\u00f1os, hoy dura un a\u00f1o y medio\u201d. En la dos grandes ciudades, Santa Fe y Rosario, ya se est\u00e1 llevando a cabo y antes de que finalice este a\u00f1o se va a implementar Rafaela, Venado Tuerto y Reconquista. El funcionario hizo hincapi\u00e9 en que de esta manera \u201clos ciudadanos sabr\u00e1n qui\u00e9n es el juez que resolvi\u00f3 su caso\u201d.<\/p>\n<p>En tanto, asegur\u00f3 que todos los miembros de la Corte est\u00e1n decididos y comprometidos a llevar adelante estos cambios que \u201cvan a legitimar cada vez m\u00e1s al Poder Judicial\u201d ya que es imperativo el compromiso de los tres poderes para tener un mejor servicio de justicia, al tiempo que sentenci\u00f3 que la palabra \u201cindependencia\u201d no tiene otra que la circunscriba o la vulnere.<\/p>\n<p><strong>\u201cNi ciega ni sorda\u201d<\/strong><\/p>\n<p>A su turno, el gobernador Omar Perotti calific\u00f3 a la obra como de \u201cmagnitud, que necesitaba Reconquista y todo nuestro norte\u201d. \u201cEl orgullo de nuestro gobierno de haber continuado y haber terminado esta obra, asumiendo un compromiso del Estado en su continuidad y de la necesidad de contar con este edificio\u201d, puso de relieve.<\/p>\n<p>Luego, formul\u00f3 el compromiso de ayudar construir una nueva maestranza municipal para Reconquista en atenci\u00f3n a que el terreno donde se erigi\u00f3 la sede tribunalicia fue donado por el municipio con la promesa que luego la provincia de har\u00eda cargo de la construcci\u00f3n del nuevo corral\u00f3n.<\/p>\n<p>\u201cEste edificio tiene por s\u00ed solo la magnitud, la consideraci\u00f3n y, sin duda, la admiraci\u00f3n de quien lo conoce. Despu\u00e9s de haber escuchado al presidente de la Corte, sin duda que, si se cumplen plenamente esos planteos y eso deseos, este edificio lucir\u00e1 much\u00edsimo mejor\u201d, expres\u00f3.<\/p>\n<p>\u201cCreemos firmemente en la independencia de los poderes, pero no en la indiferencia. Es un momento de colaborar, de sumar esfuerzos frente a la magnitud de los hechos que la justicia debe enfrentar y de los reclamos existentes nuevos que la sociedad tiene, y que mira a los tres poderes en ese reclamo, y que muchas veces no es de su real preocupaci\u00f3n si es facultad del poder legislativo, judicial o ejecutivo resolverlos; lo que quiere es que se le resuelva y eso exige un trabajo conjunto, eso exige colaboraci\u00f3n y no indiferencia\u201d, asegur\u00f3 Perotti.<\/p>\n<p>El titular de la Casa Gris pidi\u00f3 que \u201cla justicia tenga la venda por la imparcialidad\u201d pero que \u201cno sea ni ciega ni sorda\u201d, y eso \u201cnos va a permitir a todos una mejor justicia\u201d.<\/p>\n<p><img loading=\"lazy\" decoding=\"async\" class=\" wp-image-28619 aligncenter\" src=\"https:\/\/infovera.com.ar\/web\/wp-content\/uploads\/2021\/10\/gente-300x142.jpg\" alt=\"\" width=\"737\" height=\"349\" srcset=\"https:\/\/infovera.com.ar\/web\/wp-content\/uploads\/2021\/10\/gente-300x142.jpg 300w, https:\/\/infovera.com.ar\/web\/wp-content\/uploads\/2021\/10\/gente-1024x484.jpg 1024w, https:\/\/infovera.com.ar\/web\/wp-content\/uploads\/2021\/10\/gente-768x363.jpg 768w, https:\/\/infovera.com.ar\/web\/wp-content\/uploads\/2021\/10\/gente-696x329.jpg 696w, https:\/\/infovera.com.ar\/web\/wp-content\/uploads\/2021\/10\/gente-888x420.jpg 888w, https:\/\/infovera.com.ar\/web\/wp-content\/uploads\/2021\/10\/gente.jpg 1040w\" sizes=\"auto, (max-width: 737px) 100vw, 737px\" \/><\/p>\n<p><strong>Raz\u00f3n y justicia<\/strong><\/p>\n<p>El obispo diocesano de Reconquista, \u00c1ngel Mac\u00edn, fue el responsable de impartir la bendici\u00f3n religiosa en la que cit\u00f3 a \u201cDios como fuente de toda raz\u00f3n y justicia, tal como se\u00f1ala el pre\u00e1mbulo de nuestra Constituci\u00f3n\u201d.<\/p>\n<p>Monse\u00f1or Mac\u00edn reflexion\u00f3 que por el lugar \u201cpasar\u00e1n muchas personas con sus historias, reclamos, sufrimientos y esperanzas\u201d al igual que \u201ctrabajar\u00e1n diariamente los que oficiar\u00e1n de instrumento en la b\u00fasqueda de la verdad y la justicia\u201d.<\/p>\n<p>Y luego pidi\u00f3 que Dios derrame \u201csabidur\u00eda y prudencia sobre todos para contribuir al bien com\u00fan\u201d, para cual cit\u00f3 la tradici\u00f3n judeocristiana en la cual el Rey Salom\u00f3n, al ser puesto al frente de su pueblo para gobernar e impartir justicia, implor\u00f3 el \u201cdon de la justicia\u201d.<\/p>\n<p>La inversi\u00f3n realizada en la obra fue de 874.899.363,60 pesos, y el edificio cuenta con una superficie total cubierta de 7.600 m2 y con una posibilidad de ampliaci\u00f3n en el 3\u00b0 piso, distribuidos en subsuelo, planta baja, primer piso, segundo piso y tercer piso (biblioteca y sala de reuniones).<\/p>\n<p><strong>MEMORIA DESCRIPTIVA<\/strong><\/p>\n<p>El edificio cuenta con una superficie total cubierta de 7.600m2 distribuidos en subsuelo, planta baja, primero, segundo y tercer piso (incluidas la biblioteca y sala de reuniones), que demand\u00f3 aproximadamente la inversi\u00f3n de unos de $870 millones de pesos. Adem\u00e1s, cuenta con la posibilidad que se le agreguen unos 1.800m2 en la tercera unidad, para el caso de que as\u00ed lo demanden las necesidades del servicio de justicia en un futuro inmediato.<\/p>\n<p>La flamante sede judicial concentrar\u00e1 la prestaci\u00f3n de todo el servicio de Justicia de la ciudad en \u00fanico edificio, el que incluye a los actores principales del proceso penal como son los funcionarios\/as del MPA y del SPPDP, seg\u00fan lo ha decidido la Corte Suprema de Justicia. Aproximadamente, se espera que cumplan sus funciones diariamente m\u00e1s de 150 personas entre empleados\/as, funcionarios\/as y magistrados\/as.<\/p>\n<p>Entre las dependencias auxiliares se cuenta con un estacionamiento en el medio subsuelo, alcaid\u00eda, C\u00e1mara Gesell, dos salas de audiencias orales, dos salas de audiencia IPP (Investigaci\u00f3n Penal Preparatoria), una sala de audiencia para el Juzgado de Familia, dos salas de mediaci\u00f3n y dos salas de audiencias para los Juzgados Civiles entre las funciones espec\u00edficas m\u00e1s importantes.<\/p>\n<p>Adem\u00e1s, cuenta con sistema de video vigilancia, sistema de alerta y extinci\u00f3n de incendio, grupo generador, sistema de acondicionamiento de aire central y una cubierta verde sobre el primer piso que ayudar\u00e1 a la retenci\u00f3n de agua de lluvia, actuando tambi\u00e9n como aislante ac\u00fastico y t\u00e9rmico.<\/p>\n<p>&nbsp;<\/p>\n","protected":false},"excerpt":{"rendered":"<p>El gobernador Perotti y los ministros de la Corte encabezaron el acto central. La inversi\u00f3n ascendi\u00f3 a 870 millones de pesos. En el mediod\u00eda del mi\u00e9rcoles, las m\u00e1ximas autoridades judiciales y pol\u00edticas de la provincia dejaron inaugurado el magn\u00edfico edificio de la Tribunales de la ciudad de Reconquista. La ceremonia estuvo presidida por el gobernador [&hellip;]<\/p>\n","protected":false},"author":3,"featured_media":28615,"comment_status":"closed","ping_status":"closed","sticky":false,"template":"","format":"standard","meta":{"_joinchat":[],"footnotes":""},"categories":[55],"tags":[],"class_list":{"0":"post-28614","1":"post","2":"type-post","3":"status-publish","4":"format-standard","5":"has-post-thumbnail","7":"category-reconquista"},"_links":{"self":[{"href":"https:\/\/infovera.com.ar\/web\/wp-json\/wp\/v2\/posts\/28614","targetHints":{"allow":["GET"]}}],"collection":[{"href":"https:\/\/infovera.com.ar\/web\/wp-json\/wp\/v2\/posts"}],"about":[{"href":"https:\/\/infovera.com.ar\/web\/wp-json\/wp\/v2\/types\/post"}],"author":[{"embeddable":true,"href":"https:\/\/infovera.com.ar\/web\/wp-json\/wp\/v2\/users\/3"}],"replies":[{"embeddable":true,"href":"https:\/\/infovera.com.ar\/web\/wp-json\/wp\/v2\/comments?post=28614"}],"version-history":[{"count":0,"href":"https:\/\/infovera.com.ar\/web\/wp-json\/wp\/v2\/posts\/28614\/revisions"}],"wp:featuredmedia":[{"embeddable":true,"href":"https:\/\/infovera.com.ar\/web\/wp-json\/wp\/v2\/media\/28615"}],"wp:attachment":[{"href":"https:\/\/infovera.com.ar\/web\/wp-json\/wp\/v2\/media?parent=28614"}],"wp:term":[{"taxonomy":"category","embeddable":true,"href":"https:\/\/infovera.com.ar\/web\/wp-json\/wp\/v2\/categories?post=28614"},{"taxonomy":"post_tag","embeddable":true,"href":"https:\/\/infovera.com.ar\/web\/wp-json\/wp\/v2\/tags?post=28614"}],"curies":[{"name":"wp","href":"https:\/\/api.w.org\/{rel}","templated":true}]}}