{"id":28571,"date":"2021-10-19T10:56:11","date_gmt":"2021-10-19T13:56:11","guid":{"rendered":"https:\/\/infovera.com.ar\/web\/?p=28571"},"modified":"2021-10-19T10:56:11","modified_gmt":"2021-10-19T13:56:11","slug":"la-corte-suprema-dejara-inaugurado-manana-el-nuevo-edificio-de-los-tribunales-de-reconquista","status":"publish","type":"post","link":"https:\/\/infovera.com.ar\/web\/2021\/10\/19\/la-corte-suprema-dejara-inaugurado-manana-el-nuevo-edificio-de-los-tribunales-de-reconquista\/","title":{"rendered":"La Corte Suprema dejar\u00e1 inaugurado ma\u00f1ana el nuevo edificio de los Tribunales de Reconquista"},"content":{"rendered":"<p><strong>La Corte Suprema de Justicia junto a autoridades gubernamentales y legislativas del orden nacional, regional y local, participar\u00e1n ma\u00f1ana mi\u00e9rcoles 20 de octubre desde las 12., del acto de inauguraci\u00f3n del flamante edificio para la sede judicial Reconquista. El acto se transmitir\u00e1 en vivo por el canal web de la Corte Suprema.<\/strong><\/p>\n<p>La Corte Suprema de Justicia de Santa Fe dejar\u00e1 inaugurado desde ma\u00f1ana mi\u00e9rcoles 20 de octubre a las 12hs., la obra de construcci\u00f3n del nuevo edificio sede de los Tribunales de la ciudad de Reconquista. La emblem\u00e1tica obra de arquitectura se encuentra emplazada sobre calle Lucas Funes 1671 de la ciudad cabecera de la Circunscripci\u00f3n Judicial n.\u00b0 4.<\/p>\n<p>El acto contar\u00e1 con la presencia del presidente de la Corte Suprema de Justicia de Santa Fe, Dr. Roberto Falistocco, de los ministros Dres. Rafael Guti\u00e9rrez, Eduardo Spuler, Daniel Erbetta y de la Ministra Mar\u00eda Ang\u00e9lica Gastaldi, y el Procurador General Jorge Barraguirre.<\/p>\n<p>El Gobernador de la Provincia CPN Omar Perotti, junto a la Vicegobernadora Dra. Alejandra Rodenas y los ministros del ejecutivo Dres. Roberto Sukerman, Jorge Lagna, y el secretario de Justicia Dr. Gabriel Somaglia han comprometido su presencia para la esperada inauguraci\u00f3n del edificio judicial m\u00e1s destacado del norte provincial.<\/p>\n<p>Adem\u00e1s, se espera est\u00e9n presentes, el senador nacional, Roberto Mirabella, el presidente de la C\u00e1mara de Diputados de la provincia, Dr. Pablo Far\u00edas, el Intendente de la ciudad, Dr. Amadeo Vallejos junto autoridades pol\u00edticas y judiciales. Participar\u00e1n, adem\u00e1s, el Fiscal General Jorge Baclini (MPA) y la Defensora Provincial Jaquelina Balangione (SPPDP).<\/p>\n<p><strong>Sobre la obra<\/strong><\/p>\n<p>El edificio cuenta con una superficie total cubierta de 7.600m2 distribuidos en subsuelo, planta baja, primero, segundo y tercer piso (incluidas la biblioteca y sala de reuniones), que demand\u00f3 aproximadamente la inversi\u00f3n de unos de $870 millones de pesos. Adem\u00e1s, cuenta con la posibilidad que se le agreguen unos 1.800m2 en la tercera unidad, para el caso de que as\u00ed lo demanden las necesidades del servicio de justicia en un futuro inmediato.<\/p>\n<p>La flamante sede judicial concentrar\u00e1 la prestaci\u00f3n de todo el servicio de Justicia de la ciudad en \u00fanico edificio, el que incluye a los actores principales del proceso penal como son los funcionarios\/as del MPA y del SPPDP, seg\u00fan lo ha decidido la Corte Suprema de Justicia. Aproximadamente, se espera que cumplan sus funciones diariamente m\u00e1s de 150 personas entre empleados\/as, funcionarios\/as y magistrados\/as.<\/p>\n<p><strong>Dependencias auxiliares<\/strong><\/p>\n<p>Entre las dependencias auxiliares se cuenta con un estacionamiento en el medio subsuelo, alcaid\u00eda, C\u00e1mara Gesell, dos salas de audiencias orales, dos salas de audiencia IPP (Investigaci\u00f3n Penal Preparatoria), una sala de audiencia para el Juzgado de Familia, dos salas de mediaci\u00f3n y dos salas de audiencias para los Juzgados Civiles entre las funciones espec\u00edficas m\u00e1s importantes.<\/p>\n<p>Adem\u00e1s, cuenta con sistema de video vigilancia, sistema de alerta y extinci\u00f3n de incendio, grupo generador, sistema de acondicionamiento de aire central y una cubierta verde sobre el primer piso que ayudar\u00e1 a la retenci\u00f3n de agua de lluvia, actuando tambi\u00e9n como aislante ac\u00fastico y t\u00e9rmico.<\/p>\n<p><strong>Transmisi\u00f3n en vivo por el canal web oficial<\/strong><\/p>\n<p>La ceremonia de inauguraci\u00f3n ser\u00e1 transmitida en vivo por el canal web oficial de la Corte Suprema de Justicia. Se adjunta el link (v\u00ednculo) de acceso y se invita a todos\/as suscribirse al canal para recibir distintas novedades de \u00edndole institucional, de capacitaci\u00f3n, tutoriales, documentales, etc.<\/p>\n","protected":false},"excerpt":{"rendered":"<p>La Corte Suprema de Justicia junto a autoridades gubernamentales y legislativas del orden nacional, regional y local, participar\u00e1n ma\u00f1ana mi\u00e9rcoles 20 de octubre desde las 12., del acto de inauguraci\u00f3n del flamante edificio para la sede judicial Reconquista. El acto se transmitir\u00e1 en vivo por el canal web de la Corte Suprema. La Corte Suprema [&hellip;]<\/p>\n","protected":false},"author":3,"featured_media":28572,"comment_status":"closed","ping_status":"closed","sticky":false,"template":"","format":"standard","meta":{"_joinchat":[],"footnotes":""},"categories":[55],"tags":[],"class_list":{"0":"post-28571","1":"post","2":"type-post","3":"status-publish","4":"format-standard","5":"has-post-thumbnail","7":"category-reconquista"},"_links":{"self":[{"href":"https:\/\/infovera.com.ar\/web\/wp-json\/wp\/v2\/posts\/28571","targetHints":{"allow":["GET"]}}],"collection":[{"href":"https:\/\/infovera.com.ar\/web\/wp-json\/wp\/v2\/posts"}],"about":[{"href":"https:\/\/infovera.com.ar\/web\/wp-json\/wp\/v2\/types\/post"}],"author":[{"embeddable":true,"href":"https:\/\/infovera.com.ar\/web\/wp-json\/wp\/v2\/users\/3"}],"replies":[{"embeddable":true,"href":"https:\/\/infovera.com.ar\/web\/wp-json\/wp\/v2\/comments?post=28571"}],"version-history":[{"count":0,"href":"https:\/\/infovera.com.ar\/web\/wp-json\/wp\/v2\/posts\/28571\/revisions"}],"wp:featuredmedia":[{"embeddable":true,"href":"https:\/\/infovera.com.ar\/web\/wp-json\/wp\/v2\/media\/28572"}],"wp:attachment":[{"href":"https:\/\/infovera.com.ar\/web\/wp-json\/wp\/v2\/media?parent=28571"}],"wp:term":[{"taxonomy":"category","embeddable":true,"href":"https:\/\/infovera.com.ar\/web\/wp-json\/wp\/v2\/categories?post=28571"},{"taxonomy":"post_tag","embeddable":true,"href":"https:\/\/infovera.com.ar\/web\/wp-json\/wp\/v2\/tags?post=28571"}],"curies":[{"name":"wp","href":"https:\/\/api.w.org\/{rel}","templated":true}]}}