{"id":28565,"date":"2021-10-19T10:00:17","date_gmt":"2021-10-19T13:00:17","guid":{"rendered":"https:\/\/infovera.com.ar\/web\/?p=28565"},"modified":"2021-10-19T18:21:08","modified_gmt":"2021-10-19T21:21:08","slug":"vuelco-de-camion-con-un-lesionado-en-la-madrugada-de-hoy-en-luciano-leiva","status":"publish","type":"post","link":"https:\/\/infovera.com.ar\/web\/2021\/10\/19\/vuelco-de-camion-con-un-lesionado-en-la-madrugada-de-hoy-en-luciano-leiva\/","title":{"rendered":"Vuelco de cami\u00f3n con un lesionado en la madrugada de hoy en Luciano Leiva"},"content":{"rendered":"<p><strong>El d\u00eda de la fecha, siendo la 1:20, se recibi\u00f3 un llamado telef\u00f3nico dando conocimiento de un siniestro vial en Ruta Nacional N\u00ba 11 a la altura del kil\u00f3metro 557,600 aproximadamente, por lo que se comision\u00f3 personal de Destacamento 3\u00b0 Luciano Leiva y ambulancia de SAMCO de San Justo.<\/strong><\/p>\n<p>En el lugar se constat\u00f3 que un cami\u00f3n marca Scania G360, con acoplado, perteneciente a la empresa Transporte Libertador S.A., se encontraba volcado sobre la banquina. El mismo era conducido por un transportista de 48 a\u00f1os de edad, oriundo de la ciudad de San Luis, el cual adujo que un animal de gran porte (del cual no pudo especificar tipo) cruz\u00f3 la calzada y al maniobrar para evitar la colisi\u00f3n produjo el vuelco del veh\u00edculo. La ambulancia procedi\u00f3 al traslado del conductor a dicho nosocomio, donde el facultativo m\u00e9dico certific\u00f3 lesiones de car\u00e1cter leves, permaneciendo en observaci\u00f3n.<\/p>\n<p>Se labra un legajo investigativo caratulado \u201cLesiones Leves Culposas,\u201d con intervenci\u00f3n del Ministerio P\u00fablico de la Acusaci\u00f3n de San Justo.<\/p>\n<p><img loading=\"lazy\" decoding=\"async\" class=\" wp-image-22351 aligncenter\" src=\"https:\/\/infovera.com.ar\/web\/wp-content\/uploads\/2021\/06\/ACOSTA-3-300x54.jpg\" alt=\"\" width=\"694\" height=\"125\" srcset=\"https:\/\/infovera.com.ar\/web\/wp-content\/uploads\/2021\/06\/ACOSTA-3-300x54.jpg 300w, https:\/\/infovera.com.ar\/web\/wp-content\/uploads\/2021\/06\/ACOSTA-3.jpg 670w\" sizes=\"auto, (max-width: 694px) 100vw, 694px\" \/><\/p>\n<p>&nbsp;<\/p>\n","protected":false},"excerpt":{"rendered":"<p>El d\u00eda de la fecha, siendo la 1:20, se recibi\u00f3 un llamado telef\u00f3nico dando conocimiento de un siniestro vial en Ruta Nacional N\u00ba 11 a la altura del kil\u00f3metro 557,600 aproximadamente, por lo que se comision\u00f3 personal de Destacamento 3\u00b0 Luciano Leiva y ambulancia de SAMCO de San Justo. En el lugar se constat\u00f3 que [&hellip;]<\/p>\n","protected":false},"author":3,"featured_media":28566,"comment_status":"closed","ping_status":"closed","sticky":false,"template":"","format":"standard","meta":{"_joinchat":[],"footnotes":""},"categories":[51,30],"tags":[],"class_list":{"0":"post-28565","1":"post","2":"type-post","3":"status-publish","4":"format-standard","5":"has-post-thumbnail","7":"category-locales","8":"category-policiales"},"_links":{"self":[{"href":"https:\/\/infovera.com.ar\/web\/wp-json\/wp\/v2\/posts\/28565","targetHints":{"allow":["GET"]}}],"collection":[{"href":"https:\/\/infovera.com.ar\/web\/wp-json\/wp\/v2\/posts"}],"about":[{"href":"https:\/\/infovera.com.ar\/web\/wp-json\/wp\/v2\/types\/post"}],"author":[{"embeddable":true,"href":"https:\/\/infovera.com.ar\/web\/wp-json\/wp\/v2\/users\/3"}],"replies":[{"embeddable":true,"href":"https:\/\/infovera.com.ar\/web\/wp-json\/wp\/v2\/comments?post=28565"}],"version-history":[{"count":0,"href":"https:\/\/infovera.com.ar\/web\/wp-json\/wp\/v2\/posts\/28565\/revisions"}],"wp:featuredmedia":[{"embeddable":true,"href":"https:\/\/infovera.com.ar\/web\/wp-json\/wp\/v2\/media\/28566"}],"wp:attachment":[{"href":"https:\/\/infovera.com.ar\/web\/wp-json\/wp\/v2\/media?parent=28565"}],"wp:term":[{"taxonomy":"category","embeddable":true,"href":"https:\/\/infovera.com.ar\/web\/wp-json\/wp\/v2\/categories?post=28565"},{"taxonomy":"post_tag","embeddable":true,"href":"https:\/\/infovera.com.ar\/web\/wp-json\/wp\/v2\/tags?post=28565"}],"curies":[{"name":"wp","href":"https:\/\/api.w.org\/{rel}","templated":true}]}}