{"id":28503,"date":"2021-10-17T17:21:38","date_gmt":"2021-10-17T20:21:38","guid":{"rendered":"https:\/\/infovera.com.ar\/web\/?p=28503"},"modified":"2021-10-17T17:21:38","modified_gmt":"2021-10-17T20:21:38","slug":"rossi-el-camino-es-seguir-militando-para-fortalecer-nuestro-frente-de-todos-y-el-liderazgo-de-alberto-y-cristina","status":"publish","type":"post","link":"https:\/\/infovera.com.ar\/web\/2021\/10\/17\/rossi-el-camino-es-seguir-militando-para-fortalecer-nuestro-frente-de-todos-y-el-liderazgo-de-alberto-y-cristina\/","title":{"rendered":"Rossi: &#8220;El camino es seguir militando para fortalecer nuestro Frente de Todos y el liderazgo de Alberto y Cristina&#8221;"},"content":{"rendered":"<p><strong>De cara a conmemorarse otro aniversario del 17 de octubre, Agust\u00edn Rossi encabez\u00f3 esta tarde en la plaza Mariano Moreno de Rosario un &#8220;Encuentro de la Militancia&#8221; junto a militantes de todo el sur provincial y los\/as referentes de &#8220;La Corriente&#8221;,<\/strong> el diputado Nacional Germ\u00e1n Mart\u00ednez, diputada Nacional Patricia Mounier, diputado Provincial Leandro Busatto, Concejala y candidata a renovar su banca Norma L\u00f3pez, precandidata a diputada Nacional por el Frente de Todos Mar\u00eda Luz Rioja y el ministro de Gobierno, Justicia y Derechos Humanos de Santa Fe Roberto Sukerman.<\/p>\n<p>&#8220;El camino es seguir militando para fortalecer nuestro Frente de Todos y el liderazgo de Alberto y Cristina&#8221;, enfatiz\u00f3 Agust\u00edn Rossi al tiempo que advirti\u00f3 que en la Argentina &#8220;est\u00e1n en disputa las condiciones de vida del pueblo argentino&#8221; porque Cambiemos &#8220;viene por los derechos de los trabajadores y trabajadoras, buscan eliminar las Convenciones Colectivas de Trabajo&#8221;.<\/p>\n<p>Al referirse a las pr\u00f3ximas elecciones legislativas del 14 de noviembre, resalt\u00f3 que &#8220;la primera tarea pol\u00edtica es el fortalecimiento del Frente de Todos&#8221; y plante\u00f3 la necesidad de explicarle a la gente que &#8220;no gane la derecha porque van contra los trabajadores&#8221;. &#8220;Cambiemos viene a modificar la estructura econ\u00f3mica, pol\u00edtica y social de la Argentina. Hay que llevar la discusi\u00f3n a ese terreno y explicar lo que quieren hacer con la vida del pueblo argentino&#8221;, explic\u00f3 el referente de La Corriente Nacional de la Militancia.<\/p>\n<p>&#8220;Es una disputa por la forma de vida que vamos a tener los argentinos y las argentinas de ac\u00e1 para adelante&#8221;, consider\u00f3 el ex Ministro de Defensa frente a cientos de militantes y remarc\u00f3: &#8220;El futuro es consolidar las expectativas y esperanzas que despert\u00f3 el Frente de Todos en 2019, ampliando derechos y mejorando la vida de cada argentino&#8221; como as\u00ed tambi\u00e9n &#8220;seguir trabajando para fortalecer la conducci\u00f3n del Presidente y la Vicepresidenta&#8221;.<\/p>\n<p>&#8220;Estamos convencidos que la pol\u00edtica se hace con ideas y convicciones. Con Agust\u00edn Rossi a la cabeza, siempre hemos planteado propuestas que nos acerquen al pa\u00eds que queremos&#8221;, afirm\u00f3\u00a0Germ\u00e1n Mart\u00ednez\u00a0al tomar la palabra. Asimismo, anunci\u00f3 que &#8220;junto a la Dip Nac Patricia Mounier vamos a presentar en los pr\u00f3ximos d\u00edas, en la C\u00e1mara de Diputados de la Naci\u00f3n, todos los proyectos de ley que reflejan las propuestas que en la campa\u00f1a hicimos desde nuestra lista La Santa Fe que Queremos&#8221;, en referencia a las iniciativas de Aguinaldo para Monotributistas, beneficios impositivos para los departamentos del norte de Santa Fe y creaci\u00f3n de dos nuevas universidades Nacionales en Reconquista y Venado Tuerto, entre otras.<\/p>\n<p>Por su parte, la actual concejala y candidata a renovar su banca,\u00a0Norma L\u00f3pez\u00a0expres\u00f3: &#8220;No nos da lo mismo cualquier resultado electoral para el Frente de Todos, porque adem\u00e1s de mantener nuestra representaci\u00f3n en el Concejo, vamos a poder armar un bloque peronista que funcione como resistencia de los avances de la derecha en la ciudad, vamos a honrar a las y los rosarinos que nos dieron su voto de confianza y que se sienten que la municipalidad les ha dado la espalda&#8221;.<\/p>\n<p>Luego, analiz\u00f3 la realidad de las principales problem\u00e1ticas de Rosario: &#8220;Los v\u00ednculos entre el Estado y los ciudadanos est\u00e1n muy debilitados, porque las corporaciones y la econom\u00eda delictiva y narco, quieren ocupar el lugar del Estado. Eso es lo que venimos resistiendo desde hace tiempo, despu\u00e9s de 4 a\u00f1os de macrismo m\u00e1s las pol\u00edticas del Frente Progresista totalmente funcionales, necesitamos convocar a una militancia compacta y arrolladora que pueda dar la batalla para restablecer el estado de bienestar de la poblaci\u00f3n&#8221;.<\/p>\n<p>En tanto,\u00a0Leandro Busatto\u00a0enfatiz\u00f3: &#8220;Hay que organizar la militancia y en el corto plazo salir a interpelar a las ciudadanas y los ciudadanos que est\u00e1n esperando una respuesta del peronismo&#8221;. En otro momento de su alocuci\u00f3n, y al referirse al 17 de octubre afirm\u00f3: &#8220;El peronismo naci\u00f3 para cumplir, para ampliar derechos, conquistas sociales. Somos una fuerza pol\u00edtica transformadora y tenemos la obligaci\u00f3n moral de mejorar la vida de las argentinas y los argentinos y acompa\u00f1ar en este proceso a Alberto y Cristina&#8221;.<\/p>\n<p>A su turno,\u00a0Roberto Sukerman\u00a0se refiri\u00f3 al proceso electoral del FDT en la provincia al afirmar que &#8220;las internas permiten el debate, siempre son bienvenidas&#8221; y se refiri\u00f3 a la disputa local: &#8220;Norma L\u00f3pez es un orgullo para nosotros y para la ciudad de Rosario, eso nos obliga a trabajar para que pueda retener su banca&#8221;.<\/p>\n<p>&#8220;Estamos compartiendo el encuentro de la militancia con compa\u00f1eros y compa\u00f1eras, un plenario convocado por Agust\u00edn Rossi. Reafirmando nuestras convicciones y convocando a todos y a todas a trabajar para las elecciones del 14 de noviembre. La derecha ya est\u00e1 planteando proyectos para recortar derechos de trabajadores y trabajadoras, necesitamos militar para defender las conquistas que logramos todos estos a\u00f1os.&#8221;, dijo Patricia Mounier al tomar la palabra.<\/p>\n<p>Adem\u00e1s,\u00a0Mar\u00eda Luz Rioja\u00a0consider\u00f3\u00a0&#8220;como militantes pol\u00edticos debemos tomar el mensaje de las urnas poniendo en valor la pol\u00edtica, las ideas y nuestras convicciones para seguir construyendo un proyecto pol\u00edtico, que de cara a los vecinos y a las vecinas logre dar las respuestas que nos propusimos, que es\u00a0mejorar la vida a nuestro Pueblo. Y continu\u00f3: &#8220;Nos quieren hacer creer que la pol\u00edtica es mala pero para nosotros es la mejor herramienta transformadora de la sociedad&#8221;.<\/p>\n<p>Asistieron al encuentro el\u00a0Secretario de Coordinaci\u00f3n y Gesti\u00f3n del Ministerio de\u00a0Trabajo\u00a0de Santa Fe, Juano Gonz\u00e1lez Utges,\u00a0los referentes de La Corriente de Casilda Franca Bonifazzi, de Villa Constituci\u00f3n Hugi Burgu\u00e9s, de Rold\u00e1n Natalia Porfiri, Antonio Cerdera de San Lorenzo, Gina Chiavarino de Funes, Sara Gentilini de Rafaela, entre otros\/as.<\/p>\n","protected":false},"excerpt":{"rendered":"<p>De cara a conmemorarse otro aniversario del 17 de octubre, Agust\u00edn Rossi encabez\u00f3 esta tarde en la plaza Mariano Moreno de Rosario un &#8220;Encuentro de la Militancia&#8221; junto a militantes de todo el sur provincial y los\/as referentes de &#8220;La Corriente&#8221;, el diputado Nacional Germ\u00e1n Mart\u00ednez, diputada Nacional Patricia Mounier, diputado Provincial Leandro Busatto, Concejala [&hellip;]<\/p>\n","protected":false},"author":3,"featured_media":28504,"comment_status":"closed","ping_status":"closed","sticky":false,"template":"","format":"standard","meta":{"_joinchat":[],"footnotes":""},"categories":[66],"tags":[],"class_list":{"0":"post-28503","1":"post","2":"type-post","3":"status-publish","4":"format-standard","5":"has-post-thumbnail","7":"category-politica"},"_links":{"self":[{"href":"https:\/\/infovera.com.ar\/web\/wp-json\/wp\/v2\/posts\/28503","targetHints":{"allow":["GET"]}}],"collection":[{"href":"https:\/\/infovera.com.ar\/web\/wp-json\/wp\/v2\/posts"}],"about":[{"href":"https:\/\/infovera.com.ar\/web\/wp-json\/wp\/v2\/types\/post"}],"author":[{"embeddable":true,"href":"https:\/\/infovera.com.ar\/web\/wp-json\/wp\/v2\/users\/3"}],"replies":[{"embeddable":true,"href":"https:\/\/infovera.com.ar\/web\/wp-json\/wp\/v2\/comments?post=28503"}],"version-history":[{"count":0,"href":"https:\/\/infovera.com.ar\/web\/wp-json\/wp\/v2\/posts\/28503\/revisions"}],"wp:featuredmedia":[{"embeddable":true,"href":"https:\/\/infovera.com.ar\/web\/wp-json\/wp\/v2\/media\/28504"}],"wp:attachment":[{"href":"https:\/\/infovera.com.ar\/web\/wp-json\/wp\/v2\/media?parent=28503"}],"wp:term":[{"taxonomy":"category","embeddable":true,"href":"https:\/\/infovera.com.ar\/web\/wp-json\/wp\/v2\/categories?post=28503"},{"taxonomy":"post_tag","embeddable":true,"href":"https:\/\/infovera.com.ar\/web\/wp-json\/wp\/v2\/tags?post=28503"}],"curies":[{"name":"wp","href":"https:\/\/api.w.org\/{rel}","templated":true}]}}