{"id":28500,"date":"2021-10-17T17:19:51","date_gmt":"2021-10-17T20:19:51","guid":{"rendered":"https:\/\/infovera.com.ar\/web\/?p=28500"},"modified":"2021-10-17T17:19:51","modified_gmt":"2021-10-17T20:19:51","slug":"la-policia-de-la-provincia-secuestro-2-441-armas-de-fuego-en-lo-que-va-del-2021","status":"publish","type":"post","link":"https:\/\/infovera.com.ar\/web\/2021\/10\/17\/la-policia-de-la-provincia-secuestro-2-441-armas-de-fuego-en-lo-que-va-del-2021\/","title":{"rendered":"La Polic\u00eda de la provincia secuestr\u00f3 2.441 armas de fuego en lo que va del 2021"},"content":{"rendered":"<p><strong>Entre enero y septiembre los agentes secuestraron un promedio de 9 armas de fuego por d\u00eda en diversos allanamientos y operativos de prevenci\u00f3n. La mitad de las armas corresponde a los departamentos La Capital y Rosario.<\/strong><\/p>\n<p>La Polic\u00eda de Santa Fe secuestr\u00f3 un total de 2.441 armas de fuego entre los meses de enero y septiembre de 2021, en el marco de diferentes procedimientos realizados por las diversas unidades regionales de la provincia. La mitad de las armas corresponden a los departamentos La Capital y Rosario.<\/p>\n<p>El n\u00famero total representa un 10% menos que lo secuestrado en el mismo per\u00edodo del 2020 pero un 4% m\u00e1s que lo secuestrado entre enero y septiembre de 2019, de los cuales en su mayor\u00eda son armas cortas, con alta prevalencia de armas calibre 22. Asimismo, durante el mes de septiembre los efectivos policiales sacaron de circulaci\u00f3n 194 armas.<\/p>\n<p>Al respecto, el secretario de Seguridad P\u00fablica, Germ\u00e1n Montenegro, expres\u00f3 que &#8220;una de las principales pol\u00edticas del Ministerio de Seguridad es el secuestro de armas de fuego para evitar que las resoluciones de conflictos violentos tienen finales tr\u00e1gicos&#8221;.<\/p>\n<p>&#8220;Adem\u00e1s de los secuestros en el trabajo policial, la Agencia de Prevenci\u00f3n de Violencia con Armas de Fuego ha tomado otras iniciativas complementarias, como el plan de desarme que junto a la Agencia Nacional de Materiales Controlados (Anmac), se desarrolla en todo el territorio provincial&#8221;, complet\u00f3.<\/p>\n<p>&nbsp;<\/p>\n","protected":false},"excerpt":{"rendered":"<p>Entre enero y septiembre los agentes secuestraron un promedio de 9 armas de fuego por d\u00eda en diversos allanamientos y operativos de prevenci\u00f3n. La mitad de las armas corresponde a los departamentos La Capital y Rosario. La Polic\u00eda de Santa Fe secuestr\u00f3 un total de 2.441 armas de fuego entre los meses de enero y [&hellip;]<\/p>\n","protected":false},"author":3,"featured_media":28501,"comment_status":"closed","ping_status":"closed","sticky":false,"template":"","format":"standard","meta":{"_joinchat":[],"footnotes":""},"categories":[60],"tags":[],"class_list":{"0":"post-28500","1":"post","2":"type-post","3":"status-publish","4":"format-standard","5":"has-post-thumbnail","7":"category-provinciales"},"_links":{"self":[{"href":"https:\/\/infovera.com.ar\/web\/wp-json\/wp\/v2\/posts\/28500","targetHints":{"allow":["GET"]}}],"collection":[{"href":"https:\/\/infovera.com.ar\/web\/wp-json\/wp\/v2\/posts"}],"about":[{"href":"https:\/\/infovera.com.ar\/web\/wp-json\/wp\/v2\/types\/post"}],"author":[{"embeddable":true,"href":"https:\/\/infovera.com.ar\/web\/wp-json\/wp\/v2\/users\/3"}],"replies":[{"embeddable":true,"href":"https:\/\/infovera.com.ar\/web\/wp-json\/wp\/v2\/comments?post=28500"}],"version-history":[{"count":0,"href":"https:\/\/infovera.com.ar\/web\/wp-json\/wp\/v2\/posts\/28500\/revisions"}],"wp:featuredmedia":[{"embeddable":true,"href":"https:\/\/infovera.com.ar\/web\/wp-json\/wp\/v2\/media\/28501"}],"wp:attachment":[{"href":"https:\/\/infovera.com.ar\/web\/wp-json\/wp\/v2\/media?parent=28500"}],"wp:term":[{"taxonomy":"category","embeddable":true,"href":"https:\/\/infovera.com.ar\/web\/wp-json\/wp\/v2\/categories?post=28500"},{"taxonomy":"post_tag","embeddable":true,"href":"https:\/\/infovera.com.ar\/web\/wp-json\/wp\/v2\/tags?post=28500"}],"curies":[{"name":"wp","href":"https:\/\/api.w.org\/{rel}","templated":true}]}}