{"id":28471,"date":"2021-10-15T19:00:24","date_gmt":"2021-10-15T22:00:24","guid":{"rendered":"https:\/\/infovera.com.ar\/web\/?p=28471"},"modified":"2021-10-17T17:24:51","modified_gmt":"2021-10-17T20:24:51","slug":"se-presento-el-informe-preliminar-2020-del-registro-de-femicidios-travesticidios-y-transfemicidios","status":"publish","type":"post","link":"https:\/\/infovera.com.ar\/web\/2021\/10\/15\/se-presento-el-informe-preliminar-2020-del-registro-de-femicidios-travesticidios-y-transfemicidios\/","title":{"rendered":"Se present\u00f3 el informe preliminar 2020 del Registro de femicidios, travesticidios y transfemicidios"},"content":{"rendered":"<p><strong>Es el primero surgido del trabajo entre el Ministerio de Igualdad, G\u00e9nero y Diversidad, el Ministerio de Seguridad y el Ministerio P\u00fablico de la Acusaci\u00f3n. Se encuentra disponible en la web de cada jurisdicci\u00f3n y en santafe.gob.ar para su descarga.<\/strong><\/p>\n<p>Se encuentra disponible la primera presentaci\u00f3n del informe realizado a partir de la base de datos conformada por el Ministerio de Igualdad, G\u00e9nero y Diversidad, el Ministerio de Seguridad y el Ministerio P\u00fablico de la Acusaci\u00f3n.<\/p>\n<p>\u201cEste informe preliminar constituye un paso m\u00e1s del trabajo articulado que venimos realizando con las distintas jurisdicciones intervinientes. El objetivo de esta y de otras acciones que llevamos adelante es que el Estado unifique sus indicadores y su conocimiento para el abordaje integral, en este caso, de las violencias m\u00e1s extremas por motivos de g\u00e9nero\u201d, sostuvo la ministra de Igualdad, G\u00e9nero y Diversidad, Celia Arena.<\/p>\n<p>\u201cEs una pol\u00edtica de fondo para el gobierno provincial \u2013 continu\u00f3. Recordemos, tambi\u00e9n, que hay una decisi\u00f3n de nuestro presidente Alberto Fern\u00e1ndez, que cre\u00f3 el Consejo Federal para el abordaje integral de los femicidios, travesticidios y transfemicidios, que en la provincia de Santa Fe tiene su correlato, enmarcado en la firme voluntad de Omar Perotti de avanzar en esta integraci\u00f3n y coordinaci\u00f3n con el resto de los poderes del Estado\u201d, agreg\u00f3.<\/p>\n<p>Asimismo, el ministro de Seguridad, Jorge Lagna, destac\u00f3 que esta modalidad de trabajo que involucra a las tres partes es novedosa y que \u201cresponde a una pol\u00edtica del gobierno provincial en general y del Ministerio de Seguridad en particular de generar informaci\u00f3n de calidad para pensar y accionar sobre las violencias que tanto nos preocupan en el territorio provincial\u201d.<\/p>\n<p>Por su parte, el Fiscal General, Jorge Baclini afirm\u00f3: \u201cEl MPA tiene una pol\u00edtica institucional de g\u00e9nero claramente definida. En ese marco, una de las acciones que iniciamos es la generaci\u00f3n de informaci\u00f3n p\u00fablica sobre el tema\u201d.<\/p>\n<p>Baclini tambi\u00e9n sostuvo que \u201centendemos que esta producci\u00f3n de datos se robustece cuando es trabajada interinstitucionalmente\u201d y agreg\u00f3 que \u201cpor eso avanzamos en este informe con dos ministerios provinciales, y tambi\u00e9n participamos de relevamientos similares con la Unidad Fiscal Especializada de Violencia contra las Mujeres (UFEM) del Ministerio P\u00fablico Fiscal de la Naci\u00f3n y con el Ministerio P\u00fablico de la provincia de Buenos Aires\u201d.<\/p>\n<p>\u201cLa fortaleza de este esquema articulado de construcci\u00f3n de informaci\u00f3n es que permite obtener indicadores v\u00e1lidos y confiables que son un insumo b\u00e1sico a la hora de dise\u00f1ar, implementar y monitorear las pol\u00edticas p\u00fablicas dirigidas a contener estas violencias\u201d, puntualiz\u00f3 el Fiscal General. Asimismo, destac\u00f3 que \u201cSanta Fe fue la primera provincia y es una de las pocas en todo el pa\u00eds en la que se triangula informaci\u00f3n policial, judicial y del sistema de salud y de g\u00e9nero\u201d.<\/p>\n<p><strong>TRABAJO CONJUNTO<\/strong><\/p>\n<p>Este trabajo fue elaborado de manera conjunta por la Direcci\u00f3n de Pol\u00edtica Criminal de la Fiscal\u00eda General del Ministerio P\u00fablico de la Acusaci\u00f3n, el Observatorio de Seguridad P\u00fablica del Ministerio de Seguridad y el Observatorio de las Violencias y Desigualdades por Razones de G\u00e9nero del Ministerio de Igualdad, G\u00e9nero y Diversidad, en cumplimiento de las misiones establecidas en el Decreto N.\u00ba 0711\/2021, por el cual se aprueba el Convenio Marco de Cooperaci\u00f3n entre las \u00e1reas referidas, en el que se crea el Registro \u00fanico de femicidios, transfemicidios, travesticidios y cr\u00edmenes por razones de g\u00e9nero de la Provincia de Santa Fe; a partir de la implementaci\u00f3n de estrategias de recolecci\u00f3n, producci\u00f3n, registro y sistematizaci\u00f3n de informaci\u00f3n sobre la violencia contra las mujeres, los femicidios, travesticidios, transfemicidios y otros cr\u00edmenes de odio sexo- gen\u00e9ricos.<\/p>\n<p>De esta manera se presentan datos preliminares, actualizados a la fecha, sobre las muertes violentas de mujeres cis, mujeres trans y travestis y sobre los femicidios registrados en la Provincia de Santa Fe en el a\u00f1o 2020. Es necesario tener en cuenta que esta publicaci\u00f3n, es un avance de lo que posteriormente ser\u00e1 el Informe final del a\u00f1o 2020, que actualmente se encuentra en etapa de elaboraci\u00f3n.<\/p>\n<p><strong>ANTECEDENTES<\/strong><\/p>\n<p>El Ministerio de Igualdad, G\u00e9nero y Diversidad, el Ministerio de Seguridad y el Ministerio P\u00fablico de la Acusaci\u00f3n firmaron un acuerdo el pasado mes de abril para trabajar en la confecci\u00f3n de esta base de datos unificada de femicidios, transfemicidios, travesticidios y c\u00edmenes de odio sexo- gen\u00e9ricos de la provincia. As\u00ed, Santa Fe se posicion\u00f3 como la primera provincia del pa\u00eds en triangular informaci\u00f3n policial, informaci\u00f3n judicial y de los distintos niveles de atenci\u00f3n primaria y secundaria de las \u00e1reas de salud y de g\u00e9nero, para contar con informaci\u00f3n v\u00e1lida y confiable sobre las violencias extremas de g\u00e9nero.<\/p>\n<p>Este acuerdo de cooperaci\u00f3n se acopla a un trabajo que viene desarrollando el Ministerio P\u00fablico de la Acusaci\u00f3n desde el a\u00f1o 2014 -a trav\u00e9s de la Secretar\u00eda de Pol\u00edtica Criminal y Derechos Humanos- que utiliza conceptualizaciones id\u00e9nticas a las asumidas por la Unidad Fiscal Especializada de Violencia contra las mujeres (UFEM) y por la Corte Suprema de Justicia de Rep\u00fablica Argentina en su Registro Nacional de Femicidios y el Informe de la Procuraci\u00f3n General de la Suprema Corte de Justicia de Provincia de Buenos Aires.<\/p>\n<p>Seg\u00fan se establece, las tres partes, Ministerio P\u00fablico de la Acusaci\u00f3n, Ministerio de Seguridad y Ministerio de Igualdad, G\u00e9nero y Diversidad, definir\u00e1n juntas las formas concretas y espec\u00edficas de colaboraci\u00f3n a implementar, en beneficio rec\u00edproco y en pos de las pol\u00edticas p\u00fablicas integrales.<\/p>\n<p><strong>DATOS<\/strong><\/p>\n<p>El informe revela que en 2020 se produjeron un total de 45 muertes violentas e intencionales de mujeres en toda la provincia. Asimismo, detalla que en 26 casos \u2013de los 45\u2013 se detectaron elementos de violencia de g\u00e9nero, raz\u00f3n por la cual, se clasificaron como femicidios.<\/p>\n<p>Sobre el lugar en el que se produjeron las muertes, el informe precisa que 10 fueron en el departamento Rosario (38,5%); 3 en La Capital (11,5%) y 3 en General Obligado (11,5%).<\/p>\n<p>En cuanto al contexto en el que se produjeron los femicidios, el informe detalla que 17 fueron femicidios \u00edntimos (65,4%), es decir, aquellos en los que hab\u00eda una relaci\u00f3n de pareja o de expareja entre la v\u00edctima y el agresor. Por su parte, 3 fueron femicidios sexuales (11,5%) y otros 3 se produjeron en un contexto de criminalidad organizada (11,5%).<\/p>\n<p>El informe tambi\u00e9n precisa el lugar en el que se produjeron los 26 femicidios. Del<br \/>\ntotal, 12 fueron cometidos en la vivienda que compart\u00edan la v\u00edctima y el agresor (46,1%); 7 en espacios p\u00fablicos (26,9%) y 3 en la vivienda de la v\u00edctimas (11,5%).<\/p>\n<p>Acerca al v\u00ednculo entre la v\u00edctima y el agresor, en 17 casos eran pareja o expareja (65,4%) y 4 se conoc\u00edan (15,4%).<\/p>\n<p>Sobre el medio empleado, el documento concluye que 7 de los 26 femicidios fueron cometidos con armas de fuego (26,9%). Por su parte, 5 fueron cometidos con golpes (19,2%); 4 mediante el uso de fuego (15,4%) y otras 4 por asfixia o ahorcamiento (15,4%).<\/p>\n<p>El informe tambi\u00e9n detalla la edad de las v\u00edctimas: 12 ten\u00edan entre 30 y 39 a\u00f1os (46,1%); 5 entre 40 y 49 a\u00f1os (19,2%); y 3 ten\u00edan 70 a\u00f1os o m\u00e1s (11,5%).<\/p>\n<p><strong>INFORME COMPLETO<\/strong><\/p>\n<p>La versi\u00f3n preliminar del primer informe \u201cMuertes de mujeres cis, mujeres trans y travestis por usos intencionales de la violencia\u201d est\u00e1 disponible en\u00a0\u00a0<a href=\"http:\/\/www.mpa.santafe.gov.ar\">www.mpa.santafe.gov.ar<\/a> y en\u00a0<a href=\"http:\/\/www.santafe.gob.ar\">www.santafe.gob.ar<\/a><\/p>\n<p>Fue realizado por la direcci\u00f3n de Pol\u00edtica Criminal de la Fiscal\u00eda General del MPA; el Observatorio de Seguridad P\u00fablica del ministerio de Seguridad y el Observatorio de las Violencias y Desigualdades por Razones de G\u00e9nero del ministerio de Igualdad, G\u00e9nero y Diversidad.<\/p>\n","protected":false},"excerpt":{"rendered":"<p>Es el primero surgido del trabajo entre el Ministerio de Igualdad, G\u00e9nero y Diversidad, el Ministerio de Seguridad y el Ministerio P\u00fablico de la Acusaci\u00f3n. Se encuentra disponible en la web de cada jurisdicci\u00f3n y en santafe.gob.ar para su descarga. Se encuentra disponible la primera presentaci\u00f3n del informe realizado a partir de la base de [&hellip;]<\/p>\n","protected":false},"author":3,"featured_media":28472,"comment_status":"closed","ping_status":"closed","sticky":false,"template":"","format":"standard","meta":{"_joinchat":[],"footnotes":""},"categories":[60],"tags":[],"class_list":{"0":"post-28471","1":"post","2":"type-post","3":"status-publish","4":"format-standard","5":"has-post-thumbnail","7":"category-provinciales"},"_links":{"self":[{"href":"https:\/\/infovera.com.ar\/web\/wp-json\/wp\/v2\/posts\/28471","targetHints":{"allow":["GET"]}}],"collection":[{"href":"https:\/\/infovera.com.ar\/web\/wp-json\/wp\/v2\/posts"}],"about":[{"href":"https:\/\/infovera.com.ar\/web\/wp-json\/wp\/v2\/types\/post"}],"author":[{"embeddable":true,"href":"https:\/\/infovera.com.ar\/web\/wp-json\/wp\/v2\/users\/3"}],"replies":[{"embeddable":true,"href":"https:\/\/infovera.com.ar\/web\/wp-json\/wp\/v2\/comments?post=28471"}],"version-history":[{"count":0,"href":"https:\/\/infovera.com.ar\/web\/wp-json\/wp\/v2\/posts\/28471\/revisions"}],"wp:featuredmedia":[{"embeddable":true,"href":"https:\/\/infovera.com.ar\/web\/wp-json\/wp\/v2\/media\/28472"}],"wp:attachment":[{"href":"https:\/\/infovera.com.ar\/web\/wp-json\/wp\/v2\/media?parent=28471"}],"wp:term":[{"taxonomy":"category","embeddable":true,"href":"https:\/\/infovera.com.ar\/web\/wp-json\/wp\/v2\/categories?post=28471"},{"taxonomy":"post_tag","embeddable":true,"href":"https:\/\/infovera.com.ar\/web\/wp-json\/wp\/v2\/tags?post=28471"}],"curies":[{"name":"wp","href":"https:\/\/api.w.org\/{rel}","templated":true}]}}