{"id":28427,"date":"2021-10-13T18:07:02","date_gmt":"2021-10-13T21:07:02","guid":{"rendered":"https:\/\/infovera.com.ar\/web\/?p=28427"},"modified":"2021-10-15T13:56:58","modified_gmt":"2021-10-15T16:56:58","slug":"vuelvo-al-sur-de-margarita","status":"publish","type":"post","link":"https:\/\/infovera.com.ar\/web\/2021\/10\/13\/vuelvo-al-sur-de-margarita\/","title":{"rendered":"Vuelvo al sur de Margarita"},"content":{"rendered":"<p><strong>A las 17:30, en la Ruta Nacional 11, al sur de Margarita, un hombre de 50 a\u00f1os de Malabrigo perdi\u00f3 el control de su utilitario y volc\u00f3 sobre la banquina.<\/strong><\/p>\n<p>Al momento del accidente iba acompa\u00f1ado por una mujer de 54 a\u00f1os , domiciliada en Malabrigo.<\/p>\n<p>Ambos fueron trasladados al Hospital local para su atenci\u00f3n medica.<\/p>\n<p><img loading=\"lazy\" decoding=\"async\" class=\" wp-image-22351 aligncenter\" src=\"https:\/\/infovera.com.ar\/web\/wp-content\/uploads\/2021\/06\/ACOSTA-3-300x54.jpg\" alt=\"\" width=\"678\" height=\"122\" srcset=\"https:\/\/infovera.com.ar\/web\/wp-content\/uploads\/2021\/06\/ACOSTA-3-300x54.jpg 300w, https:\/\/infovera.com.ar\/web\/wp-content\/uploads\/2021\/06\/ACOSTA-3.jpg 670w\" sizes=\"auto, (max-width: 678px) 100vw, 678px\" \/><\/p>\n","protected":false},"excerpt":{"rendered":"<p>A las 17:30, en la Ruta Nacional 11, al sur de Margarita, un hombre de 50 a\u00f1os de Malabrigo perdi\u00f3 el control de su utilitario y volc\u00f3 sobre la banquina. Al momento del accidente iba acompa\u00f1ado por una mujer de 54 a\u00f1os , domiciliada en Malabrigo. Ambos fueron trasladados al Hospital local para su atenci\u00f3n [&hellip;]<\/p>\n","protected":false},"author":3,"featured_media":28429,"comment_status":"closed","ping_status":"closed","sticky":false,"template":"","format":"standard","meta":{"_joinchat":[],"footnotes":""},"categories":[54,30],"tags":[],"class_list":{"0":"post-28427","1":"post","2":"type-post","3":"status-publish","4":"format-standard","5":"has-post-thumbnail","7":"category-margarita","8":"category-policiales"},"_links":{"self":[{"href":"https:\/\/infovera.com.ar\/web\/wp-json\/wp\/v2\/posts\/28427","targetHints":{"allow":["GET"]}}],"collection":[{"href":"https:\/\/infovera.com.ar\/web\/wp-json\/wp\/v2\/posts"}],"about":[{"href":"https:\/\/infovera.com.ar\/web\/wp-json\/wp\/v2\/types\/post"}],"author":[{"embeddable":true,"href":"https:\/\/infovera.com.ar\/web\/wp-json\/wp\/v2\/users\/3"}],"replies":[{"embeddable":true,"href":"https:\/\/infovera.com.ar\/web\/wp-json\/wp\/v2\/comments?post=28427"}],"version-history":[{"count":0,"href":"https:\/\/infovera.com.ar\/web\/wp-json\/wp\/v2\/posts\/28427\/revisions"}],"wp:featuredmedia":[{"embeddable":true,"href":"https:\/\/infovera.com.ar\/web\/wp-json\/wp\/v2\/media\/28429"}],"wp:attachment":[{"href":"https:\/\/infovera.com.ar\/web\/wp-json\/wp\/v2\/media?parent=28427"}],"wp:term":[{"taxonomy":"category","embeddable":true,"href":"https:\/\/infovera.com.ar\/web\/wp-json\/wp\/v2\/categories?post=28427"},{"taxonomy":"post_tag","embeddable":true,"href":"https:\/\/infovera.com.ar\/web\/wp-json\/wp\/v2\/tags?post=28427"}],"curies":[{"name":"wp","href":"https:\/\/api.w.org\/{rel}","templated":true}]}}