{"id":28386,"date":"2021-10-12T14:00:21","date_gmt":"2021-10-12T17:00:21","guid":{"rendered":"https:\/\/infovera.com.ar\/web\/?p=28386"},"modified":"2021-10-13T19:52:37","modified_gmt":"2021-10-13T22:52:37","slug":"amra-rechazo-la-propuesta-salarial-del-gobierno-provincial","status":"publish","type":"post","link":"https:\/\/infovera.com.ar\/web\/2021\/10\/12\/amra-rechazo-la-propuesta-salarial-del-gobierno-provincial\/","title":{"rendered":"AMRA rechaz\u00f3 la propuesta salarial del gobierno provincial"},"content":{"rendered":"<p><strong>El Sindicato de M\u00e9dicos de la Rep\u00fablica Argentina (AMRA) Seccional Santa Fe inform\u00f3 que se ha rechazado la propuesta paritaria realizada por el gobierno provincial<\/strong> atento a &#8220;la falta de respuesta al Proyecto de Ley para el pase a planta de los compa\u00f1eros y compa\u00f1eras que se encuentran bajo la condici\u00f3n de contratados y monotributistas&#8221;.<\/p>\n<p>En caso de no haber una urgente respuesta por parte de las autoridades del Poder Ejecutivo, &#8220;nos veremos en la obligaci\u00f3n de convocar nuevamente a Asamblea de Delegados a fin de evaluar nuevas medidas gremiales&#8221;, advirti\u00f3 el gremio.<\/p>\n","protected":false},"excerpt":{"rendered":"<p>El Sindicato de M\u00e9dicos de la Rep\u00fablica Argentina (AMRA) Seccional Santa Fe inform\u00f3 que se ha rechazado la propuesta paritaria realizada por el gobierno provincial atento a &#8220;la falta de respuesta al Proyecto de Ley para el pase a planta de los compa\u00f1eros y compa\u00f1eras que se encuentran bajo la condici\u00f3n de contratados y monotributistas&#8221;. [&hellip;]<\/p>\n","protected":false},"author":3,"featured_media":16624,"comment_status":"closed","ping_status":"closed","sticky":false,"template":"","format":"standard","meta":{"_joinchat":[],"footnotes":""},"categories":[60],"tags":[],"class_list":{"0":"post-28386","1":"post","2":"type-post","3":"status-publish","4":"format-standard","5":"has-post-thumbnail","7":"category-provinciales"},"_links":{"self":[{"href":"https:\/\/infovera.com.ar\/web\/wp-json\/wp\/v2\/posts\/28386","targetHints":{"allow":["GET"]}}],"collection":[{"href":"https:\/\/infovera.com.ar\/web\/wp-json\/wp\/v2\/posts"}],"about":[{"href":"https:\/\/infovera.com.ar\/web\/wp-json\/wp\/v2\/types\/post"}],"author":[{"embeddable":true,"href":"https:\/\/infovera.com.ar\/web\/wp-json\/wp\/v2\/users\/3"}],"replies":[{"embeddable":true,"href":"https:\/\/infovera.com.ar\/web\/wp-json\/wp\/v2\/comments?post=28386"}],"version-history":[{"count":0,"href":"https:\/\/infovera.com.ar\/web\/wp-json\/wp\/v2\/posts\/28386\/revisions"}],"wp:featuredmedia":[{"embeddable":true,"href":"https:\/\/infovera.com.ar\/web\/wp-json\/wp\/v2\/media\/16624"}],"wp:attachment":[{"href":"https:\/\/infovera.com.ar\/web\/wp-json\/wp\/v2\/media?parent=28386"}],"wp:term":[{"taxonomy":"category","embeddable":true,"href":"https:\/\/infovera.com.ar\/web\/wp-json\/wp\/v2\/categories?post=28386"},{"taxonomy":"post_tag","embeddable":true,"href":"https:\/\/infovera.com.ar\/web\/wp-json\/wp\/v2\/tags?post=28386"}],"curies":[{"name":"wp","href":"https:\/\/api.w.org\/{rel}","templated":true}]}}