{"id":28383,"date":"2021-10-12T14:00:03","date_gmt":"2021-10-12T17:00:03","guid":{"rendered":"https:\/\/infovera.com.ar\/web\/?p=28383"},"modified":"2021-10-13T19:53:00","modified_gmt":"2021-10-13T22:53:00","slug":"acto-por-el-130-aniversario-de-la-unidad-regional-xix","status":"publish","type":"post","link":"https:\/\/infovera.com.ar\/web\/2021\/10\/12\/acto-por-el-130-aniversario-de-la-unidad-regional-xix\/","title":{"rendered":"Acto por el 130 aniversario de la Unidad Regional XIX"},"content":{"rendered":"<p><strong>En la ma\u00f1ana de hoy, se llev\u00f3 a cabo una sencilla ceremonia con motivo del 130 Aniversario de la Unidad Regional XIX.<\/strong><\/p>\n<p>Presidi\u00f3 la misma el jefe Daniel Borovachi, acompa\u00f1ado por el subjefe Diego Constanzo.<\/p>\n<p>Estuvieron presentes integrantes de la Plana Mayor y personal de la Jefatura.<\/p>\n<p>Durante el acto se ofreci\u00f3 un minuto de silencio en memoria del personal policial fallecido durante los 130 a\u00f1os.<\/p>\n<p>El trompetista Juan Ver\u00f3n enton\u00f3 el toque de silencio, y posteriormente el titular de la jefatura en su breve discurso agradeci\u00f3 y felicito al personal policial inst\u00e1ndolos a continuar<br \/>\ntrabajando con optimismo y compa\u00f1erismo.<\/p>\n<p>A continuaci\u00f3n, se dio lectura a la Resoluci\u00f3n 284\/21, en la que se felicita el excelente accionar del Grupo Acci\u00f3n T\u00e1ctica UR XIX, que el pasado 20 de septiembre actu\u00f3 en diferentes allanamientos en Laguna Paiva con verdadera vocaci\u00f3n y esp\u00edritu de servicio: Miguel P\u00e9rez, Diego Altamirano, Milton Muller, Cristian Cano y Mario L\u00f3pez.<\/p>\n<p>AL finalizar, se dio lectura de las diferentes salutaciones recibidas\u00a0 en especial de la jefa de Polic\u00eda provincial Emilce Chimenti.<\/p>\n","protected":false},"excerpt":{"rendered":"<p>En la ma\u00f1ana de hoy, se llev\u00f3 a cabo una sencilla ceremonia con motivo del 130 Aniversario de la Unidad Regional XIX. Presidi\u00f3 la misma el jefe Daniel Borovachi, acompa\u00f1ado por el subjefe Diego Constanzo. Estuvieron presentes integrantes de la Plana Mayor y personal de la Jefatura. Durante el acto se ofreci\u00f3 un minuto de [&hellip;]<\/p>\n","protected":false},"author":3,"featured_media":28384,"comment_status":"closed","ping_status":"closed","sticky":false,"template":"","format":"standard","meta":{"_joinchat":[],"footnotes":""},"categories":[53],"tags":[],"class_list":{"0":"post-28383","1":"post","2":"type-post","3":"status-publish","4":"format-standard","5":"has-post-thumbnail","7":"category-vera"},"_links":{"self":[{"href":"https:\/\/infovera.com.ar\/web\/wp-json\/wp\/v2\/posts\/28383","targetHints":{"allow":["GET"]}}],"collection":[{"href":"https:\/\/infovera.com.ar\/web\/wp-json\/wp\/v2\/posts"}],"about":[{"href":"https:\/\/infovera.com.ar\/web\/wp-json\/wp\/v2\/types\/post"}],"author":[{"embeddable":true,"href":"https:\/\/infovera.com.ar\/web\/wp-json\/wp\/v2\/users\/3"}],"replies":[{"embeddable":true,"href":"https:\/\/infovera.com.ar\/web\/wp-json\/wp\/v2\/comments?post=28383"}],"version-history":[{"count":0,"href":"https:\/\/infovera.com.ar\/web\/wp-json\/wp\/v2\/posts\/28383\/revisions"}],"wp:featuredmedia":[{"embeddable":true,"href":"https:\/\/infovera.com.ar\/web\/wp-json\/wp\/v2\/media\/28384"}],"wp:attachment":[{"href":"https:\/\/infovera.com.ar\/web\/wp-json\/wp\/v2\/media?parent=28383"}],"wp:term":[{"taxonomy":"category","embeddable":true,"href":"https:\/\/infovera.com.ar\/web\/wp-json\/wp\/v2\/categories?post=28383"},{"taxonomy":"post_tag","embeddable":true,"href":"https:\/\/infovera.com.ar\/web\/wp-json\/wp\/v2\/tags?post=28383"}],"curies":[{"name":"wp","href":"https:\/\/api.w.org\/{rel}","templated":true}]}}