{"id":28335,"date":"2021-10-09T21:14:53","date_gmt":"2021-10-10T00:14:53","guid":{"rendered":"https:\/\/infovera.com.ar\/web\/?p=28335"},"modified":"2021-10-09T21:14:53","modified_gmt":"2021-10-10T00:14:53","slug":"reconquista-la-aic-recupero-una-bicicleta-robada","status":"publish","type":"post","link":"https:\/\/infovera.com.ar\/web\/2021\/10\/09\/reconquista-la-aic-recupero-una-bicicleta-robada\/","title":{"rendered":"Reconquista: La AIC recuper\u00f3 una bicicleta robada"},"content":{"rendered":"<p>La Agencia de Investigaci\u00f3n Criminal (AIC) del Ministerio de Seguridad provincial recuper\u00f3 una bicicleta robada y aprehendi\u00f3 a un joven menor, de iniciales R.G.S., de 16 a\u00f1os de edad, por el hurto.<\/p>\n<p>Los agentes con la informaci\u00f3n de que el rodado pod\u00eda estar en una vivienda de barrio Belen de Reconquista asistieron al lugar y secuestraron el cuadro de la bicicleta tipo playera de color roja sin numeraci\u00f3n en la caja pedalera, marca bicicleteria Petean, con manubrio de goma y cinta aisladora, adem\u00e1s de dos ruedas de bicicleta perteneciente a la misma, un asiento de color negro s\u00edmil cuero, como as\u00ed tambi\u00e9n un aparato refractario (ojo de gato).<\/p>\n<p>&nbsp;<\/p>\n<p>El hurto. La v\u00edctima, en este caso una mujer, denunci\u00f3 que cuando sali\u00f3 al patio del frente de su casa not\u00f3 que no estaba su bicicleta modelo playera de rodado 26 color roja.<\/p>\n<p>Adem\u00e1s, indic\u00f3 la damnificada, que a la hora del faltante de su bicicleta le hab\u00edan dicho que \u201candaba dando vuelta un joven menor de edad del Loteo Bel\u00e9n que le dicen diablo o dominio\u201d. Los efectivos entrevistaron a una vecina de la v\u00edctima que manifest\u00f3 ver a demonio del loteo Bel\u00e9n en la zona por lo que el personal se constituy\u00f3 a su domicilio, encontraron el rodado desarmado y el joven confes\u00f3 ser el autor del hurto.<\/p>\n<p>Interviene el Juzgado en lo penal juvenil de Reconquista, Dra. Griselda Delbon.<\/p>\n","protected":false},"excerpt":{"rendered":"<p>La Agencia de Investigaci\u00f3n Criminal (AIC) del Ministerio de Seguridad provincial recuper\u00f3 una bicicleta robada y aprehendi\u00f3 a un joven menor, de iniciales R.G.S., de 16 a\u00f1os de edad, por el hurto. Los agentes con la informaci\u00f3n de que el rodado pod\u00eda estar en una vivienda de barrio Belen de Reconquista asistieron al lugar y [&hellip;]<\/p>\n","protected":false},"author":3,"featured_media":28336,"comment_status":"closed","ping_status":"closed","sticky":false,"template":"","format":"standard","meta":{"_joinchat":[],"footnotes":""},"categories":[55],"tags":[],"class_list":{"0":"post-28335","1":"post","2":"type-post","3":"status-publish","4":"format-standard","5":"has-post-thumbnail","7":"category-reconquista"},"_links":{"self":[{"href":"https:\/\/infovera.com.ar\/web\/wp-json\/wp\/v2\/posts\/28335","targetHints":{"allow":["GET"]}}],"collection":[{"href":"https:\/\/infovera.com.ar\/web\/wp-json\/wp\/v2\/posts"}],"about":[{"href":"https:\/\/infovera.com.ar\/web\/wp-json\/wp\/v2\/types\/post"}],"author":[{"embeddable":true,"href":"https:\/\/infovera.com.ar\/web\/wp-json\/wp\/v2\/users\/3"}],"replies":[{"embeddable":true,"href":"https:\/\/infovera.com.ar\/web\/wp-json\/wp\/v2\/comments?post=28335"}],"version-history":[{"count":0,"href":"https:\/\/infovera.com.ar\/web\/wp-json\/wp\/v2\/posts\/28335\/revisions"}],"wp:featuredmedia":[{"embeddable":true,"href":"https:\/\/infovera.com.ar\/web\/wp-json\/wp\/v2\/media\/28336"}],"wp:attachment":[{"href":"https:\/\/infovera.com.ar\/web\/wp-json\/wp\/v2\/media?parent=28335"}],"wp:term":[{"taxonomy":"category","embeddable":true,"href":"https:\/\/infovera.com.ar\/web\/wp-json\/wp\/v2\/categories?post=28335"},{"taxonomy":"post_tag","embeddable":true,"href":"https:\/\/infovera.com.ar\/web\/wp-json\/wp\/v2\/tags?post=28335"}],"curies":[{"name":"wp","href":"https:\/\/api.w.org\/{rel}","templated":true}]}}