{"id":28311,"date":"2021-10-08T13:38:17","date_gmt":"2021-10-08T16:38:17","guid":{"rendered":"https:\/\/infovera.com.ar\/web\/?p=28311"},"modified":"2021-10-08T13:38:51","modified_gmt":"2021-10-08T16:38:51","slug":"mas-derechos-para-las-mujeres-del-servicio-penitenciario","status":"publish","type":"post","link":"https:\/\/infovera.com.ar\/web\/2021\/10\/08\/mas-derechos-para-las-mujeres-del-servicio-penitenciario\/","title":{"rendered":"M\u00e1s derechos para las mujeres del Servicio Penitenciario"},"content":{"rendered":"<p><strong>El proyecto de ley impulsado por las diputadas radicales Georgina Orciani y Silvana Di Stefano que tuvo media sanci\u00f3n en la C\u00e1mara Baja, busca lograr que las mujeres accedan a las mismas jerarqu\u00edas que los hombres en el sistema de escalafones.<\/strong><\/p>\n<p>Durante la \u00faltima sesi\u00f3n de la C\u00e1mara de Diputadas y Diputados obtuvo media sanci\u00f3n un proyecto de ley para saldar una deuda pendiente con las mujeres de las fuerzas de seguridad. La iniciativa impulsada por las diputadas Georgina Orciani y Silvana Di Stefano viene a terminar con las desigualdades de g\u00e9nero en el Servicio Penitenciario de Santa Fe, para que las mujeres puedan adquirir la mayor jerarqu\u00eda en el sistema de escalafones de la misma manera que los hombres.<\/p>\n<p>\u201cNo deber\u00eda ser necesario fundamentar porqu\u00e9 hombres y mujeres deben llegar al mismo grado de jerarqu\u00eda. Esta actualizaci\u00f3n del decreto ley de la dictadura busca terminar con la tradici\u00f3n patriarcal donde las fuerzas de seguridad fueron por a\u00f1os nichos masculinos que fomentaban la discriminaci\u00f3n\u201d, explic\u00f3 Orciani acerca de la reforma del art\u00edculo 25 de la ley 8183\/78 que, hasta el momento, prev\u00e9 que los oficiales lleguen a la m\u00e1xima jerarqu\u00eda (Inspector General), pero que las oficiales mujeres solo a la anterior (Prefecto), sin motivo aparente.<\/p>\n<p>Los proyectos de las legisladoras del bloque radical que lidera Maxi Pullaro se unifican porque modifican el mismo art\u00edculo ya mencionado: por un lado el escalaf\u00f3n del Cuerpo General, personal superior (Orciani) y por el otro el escalaf\u00f3n profesional subescalaf\u00f3n Servicio Social (Di Stefano). Este \u00faltimo tiene que ver con las trabajadoras sociales del servicio, consideradas como un t\u00edtulo de menor jerarqu\u00eda. \u201cEsta calificaci\u00f3n es err\u00f3nea, por eso con esta reforma se equiparar\u00e1 con el resto de las profesiones que integran el servicio penitenciario: m\u00e9dicos, abogados, psic\u00f3logos, etc.\u201d, explicaron.<\/p>\n<p>Cabe destacar que cuando se habla de jerarqu\u00eda se est\u00e1 haciendo menci\u00f3n a la formaci\u00f3n, antig\u00fcedad, funciones de responsabilidad y por supuesto, salario. Las diputadas radicales insistieron en que \u00e9ste no es un dato menor y lo ilustraron con lo que ocurre en la tercera c\u00e1rcel de la provincia en importancia (Las Flores, Ciudad de Santa Fe), donde su directora es mujer y eventualmente acceder\u00eda a una jerarqu\u00eda menor a sus pares hombres quienes tienen las mismas o menores responsabilidades.<\/p>\n<p>\u201cComo resultado de un proceso en el que se vienen afianzando derechos vinculados a la cuesti\u00f3n de g\u00e9nero, este proyecto de ley busca el reconocimiento de uno m\u00e1s de ellos\u201d, finalizaron.<\/p>\n","protected":false},"excerpt":{"rendered":"<p>El proyecto de ley impulsado por las diputadas radicales Georgina Orciani y Silvana Di Stefano que tuvo media sanci\u00f3n en la C\u00e1mara Baja, busca lograr que las mujeres accedan a las mismas jerarqu\u00edas que los hombres en el sistema de escalafones. Durante la \u00faltima sesi\u00f3n de la C\u00e1mara de Diputadas y Diputados obtuvo media sanci\u00f3n [&hellip;]<\/p>\n","protected":false},"author":3,"featured_media":28312,"comment_status":"closed","ping_status":"closed","sticky":false,"template":"","format":"standard","meta":{"_joinchat":[],"footnotes":""},"categories":[60],"tags":[],"class_list":{"0":"post-28311","1":"post","2":"type-post","3":"status-publish","4":"format-standard","5":"has-post-thumbnail","7":"category-provinciales"},"_links":{"self":[{"href":"https:\/\/infovera.com.ar\/web\/wp-json\/wp\/v2\/posts\/28311","targetHints":{"allow":["GET"]}}],"collection":[{"href":"https:\/\/infovera.com.ar\/web\/wp-json\/wp\/v2\/posts"}],"about":[{"href":"https:\/\/infovera.com.ar\/web\/wp-json\/wp\/v2\/types\/post"}],"author":[{"embeddable":true,"href":"https:\/\/infovera.com.ar\/web\/wp-json\/wp\/v2\/users\/3"}],"replies":[{"embeddable":true,"href":"https:\/\/infovera.com.ar\/web\/wp-json\/wp\/v2\/comments?post=28311"}],"version-history":[{"count":0,"href":"https:\/\/infovera.com.ar\/web\/wp-json\/wp\/v2\/posts\/28311\/revisions"}],"wp:featuredmedia":[{"embeddable":true,"href":"https:\/\/infovera.com.ar\/web\/wp-json\/wp\/v2\/media\/28312"}],"wp:attachment":[{"href":"https:\/\/infovera.com.ar\/web\/wp-json\/wp\/v2\/media?parent=28311"}],"wp:term":[{"taxonomy":"category","embeddable":true,"href":"https:\/\/infovera.com.ar\/web\/wp-json\/wp\/v2\/categories?post=28311"},{"taxonomy":"post_tag","embeddable":true,"href":"https:\/\/infovera.com.ar\/web\/wp-json\/wp\/v2\/tags?post=28311"}],"curies":[{"name":"wp","href":"https:\/\/api.w.org\/{rel}","templated":true}]}}