{"id":28247,"date":"2021-10-06T12:00:07","date_gmt":"2021-10-06T15:00:07","guid":{"rendered":"https:\/\/infovera.com.ar\/web\/?p=28247"},"modified":"2021-10-07T12:37:18","modified_gmt":"2021-10-07T15:37:18","slug":"abren-la-inscripcion-para-el-ingreso-a-la-policia","status":"publish","type":"post","link":"https:\/\/infovera.com.ar\/web\/2021\/10\/06\/abren-la-inscripcion-para-el-ingreso-a-la-policia\/","title":{"rendered":"Abren la inscripci\u00f3n para el ingreso a la Polic\u00eda"},"content":{"rendered":"<p><strong>El Instituto de Seguridad P\u00fablica de la Provincia de Santa Fe (I.Se.P), inform\u00f3 que desde el d\u00eda 8 de ctubre al 31 de octubre de 2021 se encontrar\u00e1 abierta la inscripci\u00f3n<\/strong> a la carrera de T\u00e9cnico Superior en Seguridad P\u00fablica y Ciudadana ciclo lectivo 2022-2023, a los efectos de ingresar a las filas de la Polic\u00eda de la Provincia de Santa Fe en el grado de Suboficial, Escalaf\u00f3n General, Subescalaf\u00f3n Seguridad.<\/p>\n<p>La tecnicatura es una carrera de tres a\u00f1os y los dos primeros son de cursado presencial bajo r\u00e9gimen externo en la ciudad de Recreo y Rosario.<\/p>\n<p>Una vez finalizado y aprobado el segundo a\u00f1o, se obtiene el t\u00edtulo intermedio provincial de &#8220;Auxiliar en Seguridad&#8221;, que permi-te ingresar a la Polic\u00eda de la Provincia de Santa Fe.<br \/>\nAdem\u00e1s obtiene el t\u00edtulo nacional de &#8220;Agente de Calle&#8221;. Luego de haber prestado dos a\u00f1os de servicio activo en la Polic\u00eda, se debe cursar y aprobar el tercer a\u00f1o para graduarse de T\u00e9cnico Superior en Seguridad P\u00fablica y Ciudadana.<\/p>\n<p>Los interesados en ingresar deber\u00e1n cumplimentar con los\u00a0Requisitos que se publicar\u00e1n oportunamente como as\u00ed tambi\u00e9n completar Formulario de Inscripci\u00f3n\u00a0&#8211; disponible desde el 08 de octubre al 31 de octubre de 2021 inclusive.<\/p>\n<p>Una vez inscriptos deber\u00e1n seguir las indicaciones que se publicar\u00e1n en la p\u00e1gina web del Instituto de Seguridad P\u00fablica<br \/>\n<a href=\"http:\/\/El Instituto de Seguridad P\u00fablica de la Provincia de Santa Fe (I.Se.P), informa que desde el d\u00eda 8 de Octubre al 31 de Octubre de 2021, se encontrar\u00e1 abierta la inscripci\u00f3n a la carrera de T\u00e9cnico Superior en Seguridad P\u00fablica y Ciudadana ciclo lectivo 2022-2023, a los efectos de ingresar a las filas de la Polic\u00eda de la Provincia de Santa Fe en el grado de Suboficial, Escalaf\u00f3n General, Subescalaf\u00f3n Seguridad. La tecnicatura es una carrera de tres a\u00f1os y los dos primeros son de cursado presencial bajo r\u00e9gimen externo en la ciudad de Recreo y Rosario. Una vez finalizado y aprobado el segundo a\u00f1o, se obtiene el t\u00edtulo intermedio provincial de &quot;Auxiliar en Seguridad&quot;, que permi-te ingresar a la Polic\u00eda de la Provincia de Santa Fe. Adem\u00e1s obtiene el t\u00edtulo nacional de &quot;Agente de Calle&quot;. Luego de haber prestado dos a\u00f1os de servicio activo en la Polic\u00eda, se debe cursar y aprobar el tercer a\u00f1o para graduarse de T\u00e9cnico Superior en Seguridad P\u00fablica y Ciudadana. Los interesados en ingresar deber\u00e1n cumplimentar con los Requisitos que se publicar\u00e1n oportunamente como as\u00ed tambi\u00e9n completar Formulario de Inscripci\u00f3n - disponible desde el 08 de octubre al 31 de octubre de 2021 inclusive. Una vez inscriptos deber\u00e1n seguir las indicaciones que se publicar\u00e1n en la p\u00e1gina web del Instituto de Seguridad P\u00fablica www.isepsantafe.edu.ar \/ \u00daltimas Noticias\">\u00a0www.isepsantafe.edu.ar\/\u00daltimas Noticias\u00a0<\/a><\/p>\n","protected":false},"excerpt":{"rendered":"<p>El Instituto de Seguridad P\u00fablica de la Provincia de Santa Fe (I.Se.P), inform\u00f3 que desde el d\u00eda 8 de ctubre al 31 de octubre de 2021 se encontrar\u00e1 abierta la inscripci\u00f3n a la carrera de T\u00e9cnico Superior en Seguridad P\u00fablica y Ciudadana ciclo lectivo 2022-2023, a los efectos de ingresar a las filas de la [&hellip;]<\/p>\n","protected":false},"author":3,"featured_media":28248,"comment_status":"closed","ping_status":"closed","sticky":false,"template":"","format":"standard","meta":{"_joinchat":[],"footnotes":""},"categories":[60],"tags":[],"class_list":{"0":"post-28247","1":"post","2":"type-post","3":"status-publish","4":"format-standard","5":"has-post-thumbnail","7":"category-provinciales"},"_links":{"self":[{"href":"https:\/\/infovera.com.ar\/web\/wp-json\/wp\/v2\/posts\/28247","targetHints":{"allow":["GET"]}}],"collection":[{"href":"https:\/\/infovera.com.ar\/web\/wp-json\/wp\/v2\/posts"}],"about":[{"href":"https:\/\/infovera.com.ar\/web\/wp-json\/wp\/v2\/types\/post"}],"author":[{"embeddable":true,"href":"https:\/\/infovera.com.ar\/web\/wp-json\/wp\/v2\/users\/3"}],"replies":[{"embeddable":true,"href":"https:\/\/infovera.com.ar\/web\/wp-json\/wp\/v2\/comments?post=28247"}],"version-history":[{"count":0,"href":"https:\/\/infovera.com.ar\/web\/wp-json\/wp\/v2\/posts\/28247\/revisions"}],"wp:featuredmedia":[{"embeddable":true,"href":"https:\/\/infovera.com.ar\/web\/wp-json\/wp\/v2\/media\/28248"}],"wp:attachment":[{"href":"https:\/\/infovera.com.ar\/web\/wp-json\/wp\/v2\/media?parent=28247"}],"wp:term":[{"taxonomy":"category","embeddable":true,"href":"https:\/\/infovera.com.ar\/web\/wp-json\/wp\/v2\/categories?post=28247"},{"taxonomy":"post_tag","embeddable":true,"href":"https:\/\/infovera.com.ar\/web\/wp-json\/wp\/v2\/tags?post=28247"}],"curies":[{"name":"wp","href":"https:\/\/api.w.org\/{rel}","templated":true}]}}