{"id":28232,"date":"2021-10-06T11:00:43","date_gmt":"2021-10-06T14:00:43","guid":{"rendered":"https:\/\/infovera.com.ar\/web\/?p=28232"},"modified":"2021-10-06T13:53:24","modified_gmt":"2021-10-06T16:53:24","slug":"paritarias-el-gobierno-realizo-la-oferta-salarial-a-los-profesionales-de-la-salud","status":"publish","type":"post","link":"https:\/\/infovera.com.ar\/web\/2021\/10\/06\/paritarias-el-gobierno-realizo-la-oferta-salarial-a-los-profesionales-de-la-salud\/","title":{"rendered":"Paritarias: el gobierno realiz\u00f3 la oferta salarial a los profesionales de la Salud"},"content":{"rendered":"<p><strong>El Sindicato de M\u00e9dicos de la Rep\u00fablica Argentina (AMRA) Seccional Santa Fe inform\u00f3 que el martes, mediante videoconferencia, se llev\u00f3 adelante una nueva reuni\u00f3n Paritaria entre las autoridades del Poder Ejecutivo y los representantes de nuestro Gremio.<\/strong><\/p>\n<p>Luego de analizar y monitorear entre las partes la situaci\u00f3n salarial en funci\u00f3n de la evoluci\u00f3n de las variables inflacionarias, econ\u00f3micas y presupuestarias el Gobierno Provincial elev\u00f3 la siguiente propuesta en el marco de la negociaci\u00f3n Paritaria 2021:<\/p>\n<p>Otorgar para el Profesional de la Salud un incremento del 17% adicional al 35% acordado oportunamente, efectiviz\u00e1ndolo en la misma forma y caracter\u00edsticas<br \/>\nacordadas, y de la siguiente manera:<\/p>\n<p>&#8211; Un incremento del 10% a partir del mes de Octubre 2021.<br \/>\n&#8211; Un incremento del 5% a partir del mes de Diciembre 2021, lo que impactar\u00e1 en<br \/>\nel sueldo anual complementario correspondiente.<br \/>\n&#8211; Un incremento del 2% a partir de Enero 2022.<\/p>\n<p>&#8220;Nuestra entidad gremial, fiel a su esp\u00edritu democr\u00e1tico, la elevar\u00e1 a los Delegados de cada Hospital para que sea analizada y, en consecuencia, someterla a votaci\u00f3n para decidir su aceptaci\u00f3n o su rechazo&#8221;, consign\u00f3 el gremio.<\/p>\n","protected":false},"excerpt":{"rendered":"<p>El Sindicato de M\u00e9dicos de la Rep\u00fablica Argentina (AMRA) Seccional Santa Fe inform\u00f3 que el martes, mediante videoconferencia, se llev\u00f3 adelante una nueva reuni\u00f3n Paritaria entre las autoridades del Poder Ejecutivo y los representantes de nuestro Gremio. Luego de analizar y monitorear entre las partes la situaci\u00f3n salarial en funci\u00f3n de la evoluci\u00f3n de las [&hellip;]<\/p>\n","protected":false},"author":3,"featured_media":22084,"comment_status":"closed","ping_status":"closed","sticky":false,"template":"","format":"standard","meta":{"_joinchat":[],"footnotes":""},"categories":[60],"tags":[],"class_list":{"0":"post-28232","1":"post","2":"type-post","3":"status-publish","4":"format-standard","5":"has-post-thumbnail","7":"category-provinciales"},"_links":{"self":[{"href":"https:\/\/infovera.com.ar\/web\/wp-json\/wp\/v2\/posts\/28232","targetHints":{"allow":["GET"]}}],"collection":[{"href":"https:\/\/infovera.com.ar\/web\/wp-json\/wp\/v2\/posts"}],"about":[{"href":"https:\/\/infovera.com.ar\/web\/wp-json\/wp\/v2\/types\/post"}],"author":[{"embeddable":true,"href":"https:\/\/infovera.com.ar\/web\/wp-json\/wp\/v2\/users\/3"}],"replies":[{"embeddable":true,"href":"https:\/\/infovera.com.ar\/web\/wp-json\/wp\/v2\/comments?post=28232"}],"version-history":[{"count":0,"href":"https:\/\/infovera.com.ar\/web\/wp-json\/wp\/v2\/posts\/28232\/revisions"}],"wp:featuredmedia":[{"embeddable":true,"href":"https:\/\/infovera.com.ar\/web\/wp-json\/wp\/v2\/media\/22084"}],"wp:attachment":[{"href":"https:\/\/infovera.com.ar\/web\/wp-json\/wp\/v2\/media?parent=28232"}],"wp:term":[{"taxonomy":"category","embeddable":true,"href":"https:\/\/infovera.com.ar\/web\/wp-json\/wp\/v2\/categories?post=28232"},{"taxonomy":"post_tag","embeddable":true,"href":"https:\/\/infovera.com.ar\/web\/wp-json\/wp\/v2\/tags?post=28232"}],"curies":[{"name":"wp","href":"https:\/\/api.w.org\/{rel}","templated":true}]}}