{"id":28206,"date":"2021-10-05T10:19:31","date_gmt":"2021-10-05T13:19:31","guid":{"rendered":"https:\/\/infovera.com.ar\/web\/?p=28206"},"modified":"2021-10-05T19:24:50","modified_gmt":"2021-10-05T22:24:50","slug":"sosa-propone-que-el-cultivo-para-el-aceite-de-cannabis-se-realice-en-las-gamas-y-santa-felicia","status":"publish","type":"post","link":"https:\/\/infovera.com.ar\/web\/2021\/10\/05\/sosa-propone-que-el-cultivo-para-el-aceite-de-cannabis-se-realice-en-las-gamas-y-santa-felicia\/","title":{"rendered":"Sosa propone que el cultivo para el aceite de cannabis se realice en Las Gamas y Santa Felicia"},"content":{"rendered":"<p><strong>Esta ley aprobada en el a\u00f1o 2016, fue un proyecto por el cual hubo que &#8220;luchar much\u00edsimo&#8221;, record\u00f3 el senador.<\/strong><\/p>\n<p>Y agreg\u00f3 que &#8220;en ese momento, en su tratamiento y con proyectos de leyes alternativas, desde la comisi\u00f3n que integro en la legislatura, realizamos un arduo trabajo para que se apruebe, pero teniendo en cuenta que era muy dificultoso que la producci\u00f3n la realicen los propios interesados. Por ese motivo en una de las visitas del gobernador a nuestro departamento, le propuse que el cultivo se realice en Las Gamas y Santa Felicia, con todos los cuidados y protecciones adecuadas a las circunstancias&#8221;.<\/p>\n<p>Hoy la producci\u00f3n est\u00e1 a cargo del LIF con aceite tra\u00eddo del exterior. &#8220;Ojal\u00e1 se pueda concretar la propuesta de cultivar en estos dos centros y as\u00ed replicar la experiencia de Jujuy, donde no solo producen, sino que ya exportan esta soluci\u00f3n que es la lucha de much\u00edsimas personas&#8221;, indic\u00f3.<\/p>\n","protected":false},"excerpt":{"rendered":"<p>Esta ley aprobada en el a\u00f1o 2016, fue un proyecto por el cual hubo que &#8220;luchar much\u00edsimo&#8221;, record\u00f3 el senador. Y agreg\u00f3 que &#8220;en ese momento, en su tratamiento y con proyectos de leyes alternativas, desde la comisi\u00f3n que integro en la legislatura, realizamos un arduo trabajo para que se apruebe, pero teniendo en cuenta [&hellip;]<\/p>\n","protected":false},"author":3,"featured_media":24651,"comment_status":"closed","ping_status":"closed","sticky":false,"template":"","format":"standard","meta":{"_joinchat":[],"footnotes":""},"categories":[53],"tags":[],"class_list":{"0":"post-28206","1":"post","2":"type-post","3":"status-publish","4":"format-standard","5":"has-post-thumbnail","7":"category-vera"},"_links":{"self":[{"href":"https:\/\/infovera.com.ar\/web\/wp-json\/wp\/v2\/posts\/28206","targetHints":{"allow":["GET"]}}],"collection":[{"href":"https:\/\/infovera.com.ar\/web\/wp-json\/wp\/v2\/posts"}],"about":[{"href":"https:\/\/infovera.com.ar\/web\/wp-json\/wp\/v2\/types\/post"}],"author":[{"embeddable":true,"href":"https:\/\/infovera.com.ar\/web\/wp-json\/wp\/v2\/users\/3"}],"replies":[{"embeddable":true,"href":"https:\/\/infovera.com.ar\/web\/wp-json\/wp\/v2\/comments?post=28206"}],"version-history":[{"count":0,"href":"https:\/\/infovera.com.ar\/web\/wp-json\/wp\/v2\/posts\/28206\/revisions"}],"wp:featuredmedia":[{"embeddable":true,"href":"https:\/\/infovera.com.ar\/web\/wp-json\/wp\/v2\/media\/24651"}],"wp:attachment":[{"href":"https:\/\/infovera.com.ar\/web\/wp-json\/wp\/v2\/media?parent=28206"}],"wp:term":[{"taxonomy":"category","embeddable":true,"href":"https:\/\/infovera.com.ar\/web\/wp-json\/wp\/v2\/categories?post=28206"},{"taxonomy":"post_tag","embeddable":true,"href":"https:\/\/infovera.com.ar\/web\/wp-json\/wp\/v2\/tags?post=28206"}],"curies":[{"name":"wp","href":"https:\/\/api.w.org\/{rel}","templated":true}]}}