{"id":28194,"date":"2021-10-04T18:17:10","date_gmt":"2021-10-04T21:17:10","guid":{"rendered":"https:\/\/infovera.com.ar\/web\/?p=28194"},"modified":"2021-10-04T18:17:10","modified_gmt":"2021-10-04T21:17:10","slug":"la-provincia-lanzo-la-cuarta-etapa-del-programa-billetera-santa-fe","status":"publish","type":"post","link":"https:\/\/infovera.com.ar\/web\/2021\/10\/04\/la-provincia-lanzo-la-cuarta-etapa-del-programa-billetera-santa-fe\/","title":{"rendered":"La provincia lanz\u00f3 la cuarta etapa del programa Billetera Santa Fe"},"content":{"rendered":"<p>Este lunes, el gobierno de la Provincia anunci\u00f3 el inicio de la cuarta etapa del programa Billetera Santa Fe. Lo hizo mediante un acto p\u00fablico realizado en la esquina de Mendoza y Magallanes en la zona oeste de Rosario que cont\u00f3 con la participaci\u00f3n del secretario de Comercio Interior y Servicios, Juan Marcos Aviano, su par de Turismo, Alejandro Grandinetti, y el presidente de la Asociaci\u00f3n Empresaria de Rosario (AER), Ricardo Diab, entre otros representantes de entidades comerciales y de la empresa PlusPagos.<\/p>\n<p>En esta oportunidad, se oficializ\u00f3 la continuidad del mismo esquema de rubros, d\u00edas y topes de reintegro, con la particularidad de que los rubros indumentaria, calzado, regaler\u00eda, perfumer\u00eda y marroquiner\u00eda mantendr\u00e1n vigentes sus beneficio del 30% de reintegro durante toda la semana previa al D\u00eda de la Madre, comenzando el 11 de octubre y extendi\u00e9ndose hasta el d\u00eda 17 inclusive.<\/p>\n<p>&nbsp;<\/p>\n<p>En ocasi\u00f3n de este acto, Aviano afirm\u00f3: &#8220;Esta etapa se extender\u00e1 hasta el 31 de diciembre. Se ratifican todos los beneficios y para el D\u00eda de la Madre, los reintegros de ciertos rubros que corr\u00edan los lunes, martes y mi\u00e9rcoles, estar\u00e1n vigentes hasta el domingo 17&#8221;.<\/p>\n<p>&nbsp;<\/p>\n<p>Adem\u00e1s el secretario ponder\u00f3 el acompa\u00f1amiento del sector comercial rosarino: \u201cHacemos este anuncio en el l\u00edmite entre los Paseos Belagrano y Mendoza, en la hermosa zona oeste de Rosario, y lo hacemos junto a las entidades que acompa\u00f1aron el programa desde el inicio: las asociaciones comerciales, la AER, el Centro Uni\u00f3n de Almaceneros, todo el sector comercial que ha consagrado el \u00e8xito de la Billetera como un programa in\u00e9dito para fomentar el comercio y el consumo\u201d.<\/p>\n<p>&nbsp;<\/p>\n<p>\u201cEn estas recorridas aprovechamos para dialogar con los comerciantes y recolectar inquietudes respecto del programa. Hay rubros que quieren incorporarse y resta tambi\u00e9n sumar la opci\u00f3n de adherirse mediante tarjeta de cr\u00e9dito\u201d, agreg\u00f3.<\/p>\n<p>&nbsp;<\/p>\n<p>En este sentido, respecto de futuras modificaciones en el esquema de beneficios que ofrece la Billetera Santa Fe, Aviano explic\u00f3 que a fin de a\u00f1o se har\u00e1 un balance del programa y reci\u00e9n entonces se evaluar\u00e1n cambios que ayuden a seguir potenciando a la actividad comercial santafesina.<\/p>\n<p>&nbsp;<\/p>\n<p>Por su parte, el titular AER, Ricardo Diab, asegur\u00f3: \u201cDesde el primer momento apoyamos este proyecto porque nos parece un hecho muy genuino para incentivar el consumo inyectando dinero en los consumidores. Billetera Santa Fe estira 5 mil pesos cada salario, lo cual se ve volcado al consumo. Por eso difundimos este programa en todos los centros comerciales. Desde el D\u00eda del Ni\u00f1o el comercio fue creciendo y esperamos una campa\u00f1a similar para el D\u00eda de la Madre y las fiestas de Fin de A\u00f1o. Van a ser fechas que van a estabilizar la actividad comercial. La apertura permitir\u00e1. por ejemplo, volver consumir indumentaria formal. Es una nueva fisonom\u00eda del comercio\u201d.<\/p>\n<p>&nbsp;<\/p>\n<p>ARTICULACI\u00d3N CON TURISMO<\/p>\n<p>El titular de la Secretar\u00eda de Turismo de la Provincia, Alejandro Grandinetti, destac\u00f3 los beneficios que Billetera Santa Fe implica para el turismo santafesino: \u201cVenimos trabajando para que la plataforma Viv\u00ed Santa Fe se integre a la Billetera Santa Fe y se use la tecnolog\u00eda para beneficiar el ecommerce, se ampl\u00eden beneficios a los consumidores santafesinos y que se integre con el plan nacional PreViaje. Luego de la crisis sanitaria sobreviene una crisis econ\u00f3mica. Nosotros entendemos que debe ayudarse a la demanda para recuperar actividad econ\u00f3mica comercial e industrial\u201d.<\/p>\n<p>&nbsp;<\/p>\n<p>\u201cEl turismo es uno de los rubros que m\u00e1s va a crecer. Estamos frente a un fin de semana largo con una muy buena tasa de ocupaci\u00f3n. Vamos a pensar en promociones exclusivas para el turismo a trav\u00e9s de Billetera Santa Fe, tanto para alojamientos como para espect\u00e1culos culturales\u201d, destac\u00f3.<\/p>\n<p>&nbsp;<\/p>\n<p>BILLETERA SANTA FE<\/p>\n<p>Es un programa de beneficios dispuesto por la Provincia de Santa Fe, para incentivar la demanda de bienes y\/o servicios mediante el otorgamiento de reintegros de dinero a consumidores finales, por las compras que estos realicen en comercios radicados en la Provincia de Santa Fe que se hayan adherido al Programa Billetera Santa Fe.<\/p>\n<p>&nbsp;<\/p>\n<p>Actualmente se encuentra operativo en casi 300 localidades de la provincia. Tiene 25 mil comercios adheridos y m\u00e1s de 1,1 mill\u00f3n de usuarios.<\/p>\n","protected":false},"excerpt":{"rendered":"<p>Este lunes, el gobierno de la Provincia anunci\u00f3 el inicio de la cuarta etapa del programa Billetera Santa Fe. Lo hizo mediante un acto p\u00fablico realizado en la esquina de Mendoza y Magallanes en la zona oeste de Rosario que cont\u00f3 con la participaci\u00f3n del secretario de Comercio Interior y Servicios, Juan Marcos Aviano, su [&hellip;]<\/p>\n","protected":false},"author":3,"featured_media":28195,"comment_status":"closed","ping_status":"closed","sticky":false,"template":"","format":"standard","meta":{"_joinchat":[],"footnotes":""},"categories":[60],"tags":[],"class_list":{"0":"post-28194","1":"post","2":"type-post","3":"status-publish","4":"format-standard","5":"has-post-thumbnail","7":"category-provinciales"},"_links":{"self":[{"href":"https:\/\/infovera.com.ar\/web\/wp-json\/wp\/v2\/posts\/28194","targetHints":{"allow":["GET"]}}],"collection":[{"href":"https:\/\/infovera.com.ar\/web\/wp-json\/wp\/v2\/posts"}],"about":[{"href":"https:\/\/infovera.com.ar\/web\/wp-json\/wp\/v2\/types\/post"}],"author":[{"embeddable":true,"href":"https:\/\/infovera.com.ar\/web\/wp-json\/wp\/v2\/users\/3"}],"replies":[{"embeddable":true,"href":"https:\/\/infovera.com.ar\/web\/wp-json\/wp\/v2\/comments?post=28194"}],"version-history":[{"count":0,"href":"https:\/\/infovera.com.ar\/web\/wp-json\/wp\/v2\/posts\/28194\/revisions"}],"wp:featuredmedia":[{"embeddable":true,"href":"https:\/\/infovera.com.ar\/web\/wp-json\/wp\/v2\/media\/28195"}],"wp:attachment":[{"href":"https:\/\/infovera.com.ar\/web\/wp-json\/wp\/v2\/media?parent=28194"}],"wp:term":[{"taxonomy":"category","embeddable":true,"href":"https:\/\/infovera.com.ar\/web\/wp-json\/wp\/v2\/categories?post=28194"},{"taxonomy":"post_tag","embeddable":true,"href":"https:\/\/infovera.com.ar\/web\/wp-json\/wp\/v2\/tags?post=28194"}],"curies":[{"name":"wp","href":"https:\/\/api.w.org\/{rel}","templated":true}]}}