{"id":28184,"date":"2021-10-04T10:51:15","date_gmt":"2021-10-04T13:51:15","guid":{"rendered":"https:\/\/infovera.com.ar\/web\/?p=28184"},"modified":"2021-10-04T10:51:15","modified_gmt":"2021-10-04T13:51:15","slug":"ecos-de-la-cuna-una-muestra-del-artista-verense-eduardo-perot","status":"publish","type":"post","link":"https:\/\/infovera.com.ar\/web\/2021\/10\/04\/ecos-de-la-cuna-una-muestra-del-artista-verense-eduardo-perot\/","title":{"rendered":"Eco\u00b4s de la Cu\u00f1a, una muestra del artista verense Eduardo Perot"},"content":{"rendered":"<p>Este viernes 01 de octubre tuvo lugar la inauguraci\u00f3n de la muestra del artista verense Eduardo Perot, en el complejo \u201cLa Estaci\u00f3n\u201d de la ciudad de Vera.<\/p>\n<p>\u201cA trav\u00e9s de esta muestra busco reflejar nuestra Cu\u00f1a Boscosa, su flora, fauna y costumbres, todo con material ecol\u00f3gico, por eso el \u201cEco\u00b4s\u201d del t\u00edtulo, porque apuntamos a la ecolog\u00eda, pero tambi\u00e9n hacemos eco de lo nuestro, de nuestra gente\u201d explico el artista.<\/p>\n<p>Estuvieron presentes en la presentaci\u00f3n la Intendente Paula Mitre, familiares y amigos del artista y vecinos de la ciudad.<\/p>\n<p>La muestra permanecer\u00e1 en el sal\u00f3n del complejo \u201cLa Estaci\u00f3n\u201d durante varios d\u00edas y podr\u00e1 ser recorrida en los horarios disponibles.<\/p>\n","protected":false},"excerpt":{"rendered":"<p>Este viernes 01 de octubre tuvo lugar la inauguraci\u00f3n de la muestra del artista verense Eduardo Perot, en el complejo \u201cLa Estaci\u00f3n\u201d de la ciudad de Vera. \u201cA trav\u00e9s de esta muestra busco reflejar nuestra Cu\u00f1a Boscosa, su flora, fauna y costumbres, todo con material ecol\u00f3gico, por eso el \u201cEco\u00b4s\u201d del t\u00edtulo, porque apuntamos a [&hellip;]<\/p>\n","protected":false},"author":3,"featured_media":28185,"comment_status":"closed","ping_status":"closed","sticky":false,"template":"","format":"standard","meta":{"_joinchat":[],"footnotes":""},"categories":[51,53],"tags":[],"class_list":{"0":"post-28184","1":"post","2":"type-post","3":"status-publish","4":"format-standard","5":"has-post-thumbnail","7":"category-locales","8":"category-vera"},"_links":{"self":[{"href":"https:\/\/infovera.com.ar\/web\/wp-json\/wp\/v2\/posts\/28184","targetHints":{"allow":["GET"]}}],"collection":[{"href":"https:\/\/infovera.com.ar\/web\/wp-json\/wp\/v2\/posts"}],"about":[{"href":"https:\/\/infovera.com.ar\/web\/wp-json\/wp\/v2\/types\/post"}],"author":[{"embeddable":true,"href":"https:\/\/infovera.com.ar\/web\/wp-json\/wp\/v2\/users\/3"}],"replies":[{"embeddable":true,"href":"https:\/\/infovera.com.ar\/web\/wp-json\/wp\/v2\/comments?post=28184"}],"version-history":[{"count":0,"href":"https:\/\/infovera.com.ar\/web\/wp-json\/wp\/v2\/posts\/28184\/revisions"}],"wp:featuredmedia":[{"embeddable":true,"href":"https:\/\/infovera.com.ar\/web\/wp-json\/wp\/v2\/media\/28185"}],"wp:attachment":[{"href":"https:\/\/infovera.com.ar\/web\/wp-json\/wp\/v2\/media?parent=28184"}],"wp:term":[{"taxonomy":"category","embeddable":true,"href":"https:\/\/infovera.com.ar\/web\/wp-json\/wp\/v2\/categories?post=28184"},{"taxonomy":"post_tag","embeddable":true,"href":"https:\/\/infovera.com.ar\/web\/wp-json\/wp\/v2\/tags?post=28184"}],"curies":[{"name":"wp","href":"https:\/\/api.w.org\/{rel}","templated":true}]}}