{"id":28179,"date":"2021-10-03T20:21:25","date_gmt":"2021-10-03T23:21:25","guid":{"rendered":"https:\/\/infovera.com.ar\/web\/?p=28179"},"modified":"2021-10-03T20:21:25","modified_gmt":"2021-10-03T23:21:25","slug":"gran-convocatoria-en-la-reunion-de-jxc-en-general-obligado","status":"publish","type":"post","link":"https:\/\/infovera.com.ar\/web\/2021\/10\/03\/gran-convocatoria-en-la-reunion-de-jxc-en-general-obligado\/","title":{"rendered":"Gran convocatoria en la reuni\u00f3n de JxC en General Obligado"},"content":{"rendered":"<p><strong>En el marco de reforzar el trabajo en equipo, el candidato a Senador Nacional por Juntos por el Cambio, Dionisio Scarpin &#8211; actual intendente de Avellaneda &#8211; se reuni\u00f3 con 23 dirigentes del departamento General Obligado. \u201cHemos sacado una ventaja competitiva en las pasos, eso demuestra el gran trabajo que hemos realizado\u201d enfatiz\u00f3 Scarpin.<\/strong><\/p>\n<p>El encuentro se llev\u00f3 a cabo en la localidad de Arroyo Ceibal, en donde el candidato con el apoyo y la presencia del senador provincial Orfilio \u201cChacho\u201d Marc\u00f3n y la diputada Marlen Esp\u00edndola.<\/p>\n<p>\u201cNos mueve el deseo de generar un norte pr\u00f3spero, conocemos los desaf\u00edos que atraviesan los gobiernos locales&#8230;mi convicci\u00f3n est\u00e1 en acompa\u00f1ar el desarrollo de cada comunidad\u201d, remarc\u00f3 Scarpin, reconociendo que el rol de Presidente de Foro de Intendentes y Comunas Radicales le permiti\u00f3 generar un seguimiento personalizado a cada l\u00edder de comunidad y posibilitar su crecimiento.<\/p>\n<p>Por otra parte, el senador Chacho Marc\u00f3n afirm\u00f3: \u201cSabemos que en el norte nos quedan muchas cosas por lograr, pero, trabajando juntos iremos transformando las dificultades en oportunidades. Somos un gran equipo que se encuentra unido y est\u00e1 comprometido en trabajar por el crecimiento de nuestra zona y concretar la representaci\u00f3n que el norte necesita en el Senado\u201d<\/p>\n<p>Mientras qu\u00e9, Marlen Esp\u00edndola, diputada provincial manifest\u00f3: \u201cComo espacio pol\u00edtico vamos a recorrer cada uno de los estados locales, porque estamos convencidos que somos la mejor alternativa y asimismo acompa\u00f1aremos la f\u00f3rmula de Juntos por el Cambio, representada en esta oportunidad por Carolina Losada y Dionisio Scarpin, para que en el Senado Nacional nos representen, y defiendan los intereses de todos los santafesinos y santafesinas\u201d<\/p>\n","protected":false},"excerpt":{"rendered":"<p>En el marco de reforzar el trabajo en equipo, el candidato a Senador Nacional por Juntos por el Cambio, Dionisio Scarpin &#8211; actual intendente de Avellaneda &#8211; se reuni\u00f3 con 23 dirigentes del departamento General Obligado. \u201cHemos sacado una ventaja competitiva en las pasos, eso demuestra el gran trabajo que hemos realizado\u201d enfatiz\u00f3 Scarpin. El [&hellip;]<\/p>\n","protected":false},"author":3,"featured_media":28180,"comment_status":"closed","ping_status":"closed","sticky":false,"template":"","format":"standard","meta":{"_joinchat":[],"footnotes":""},"categories":[66],"tags":[],"class_list":{"0":"post-28179","1":"post","2":"type-post","3":"status-publish","4":"format-standard","5":"has-post-thumbnail","7":"category-politica"},"_links":{"self":[{"href":"https:\/\/infovera.com.ar\/web\/wp-json\/wp\/v2\/posts\/28179","targetHints":{"allow":["GET"]}}],"collection":[{"href":"https:\/\/infovera.com.ar\/web\/wp-json\/wp\/v2\/posts"}],"about":[{"href":"https:\/\/infovera.com.ar\/web\/wp-json\/wp\/v2\/types\/post"}],"author":[{"embeddable":true,"href":"https:\/\/infovera.com.ar\/web\/wp-json\/wp\/v2\/users\/3"}],"replies":[{"embeddable":true,"href":"https:\/\/infovera.com.ar\/web\/wp-json\/wp\/v2\/comments?post=28179"}],"version-history":[{"count":0,"href":"https:\/\/infovera.com.ar\/web\/wp-json\/wp\/v2\/posts\/28179\/revisions"}],"wp:featuredmedia":[{"embeddable":true,"href":"https:\/\/infovera.com.ar\/web\/wp-json\/wp\/v2\/media\/28180"}],"wp:attachment":[{"href":"https:\/\/infovera.com.ar\/web\/wp-json\/wp\/v2\/media?parent=28179"}],"wp:term":[{"taxonomy":"category","embeddable":true,"href":"https:\/\/infovera.com.ar\/web\/wp-json\/wp\/v2\/categories?post=28179"},{"taxonomy":"post_tag","embeddable":true,"href":"https:\/\/infovera.com.ar\/web\/wp-json\/wp\/v2\/tags?post=28179"}],"curies":[{"name":"wp","href":"https:\/\/api.w.org\/{rel}","templated":true}]}}