{"id":28167,"date":"2021-10-03T19:00:50","date_gmt":"2021-10-03T22:00:50","guid":{"rendered":"https:\/\/infovera.com.ar\/web\/?p=28167"},"modified":"2021-10-05T11:19:00","modified_gmt":"2021-10-05T14:19:00","slug":"el-miercoles-se-conoceran-las-ofertas-para-construir-un-centro-de-desarrollo-infantil-en-vera","status":"publish","type":"post","link":"https:\/\/infovera.com.ar\/web\/2021\/10\/03\/el-miercoles-se-conoceran-las-ofertas-para-construir-un-centro-de-desarrollo-infantil-en-vera\/","title":{"rendered":"El mi\u00e9rcoles se conocer\u00e1n las ofertas para construir un Centro de Desarrollo Infantil en Vera"},"content":{"rendered":"<p><strong>La provincia construir\u00e1 los primeros 9 centros de Desarrollo Infantil. En los pr\u00f3ximos d\u00edas comenzar\u00e1n a licitarse los primeros nueve espacios educativos para la primera infancia, financiados por el gobierno nacional.<\/strong><\/p>\n<p>El Ministerio de Infraestructura, Servicios P\u00fablicos y H\u00e1bitat, a trav\u00e9s de la Secretar\u00eda de Arquitectura y Obras P\u00fablicas, desarrollar\u00e1 en una primera etapa las licitaciones de los primeros nueve Centros de Desarrollo Infantil (CDI), elaborados bajo el programa \u201cRed de Infraestructura del Cuidado\u201d, de los Ministerios de Obras P\u00fablicas y de Desarrollo Social de la Naci\u00f3n, y financiados por el gobierno nacional. La inversi\u00f3n de estos nueve centros supera los 330 millones de pesos, y cuentan con un plazo de ejecuci\u00f3n de 240 d\u00edas calendario.En esta etapa, estos nuevos espacios educativos para la primera infancia se ubicar\u00e1n en diferentes localidades: Rafaela , Reconquista,<strong> Vera,<\/strong> Tostado, G\u00e1lvez, Las Rosas, El Tr\u00e9bol, Fighiera, y Ca\u00f1ada de G\u00f3mez . Asimismo est\u00e1n proyectados para licitarse, en una segunda etapa, en P\u00e9rez, Santa Fe, Desv\u00edo Arij\u00f3n, Gato Colorado, Rosario y Capit\u00e1n Berm\u00fadez.<\/p>\n<p>Al respecto, la ministra Silvina Frana destac\u00f3 el trabajo conjunto con el gobierno nacional a fin de fortalecer la infraestructura educativa para la primera infancia: \u201cCuando se logran concretar estas agendas de trabajo, significa una instancia virtuosa que permite dar inicio a una obra que va a transformar y dar oportunidades de desarrollo a las ni\u00f1as y ni\u00f1os desde la primera infancia. Estamos construyendo el futuro para que muchos ni\u00f1os y ni\u00f1as accedan a la educaci\u00f3n, la promoci\u00f3n y protecci\u00f3n de derechos, reduciendo las inequidades territoriales existentes&#8221;.<\/p>\n<p>&#8220;Transformar realidades generando pol\u00edticas p\u00fablicas que permitan la igualdad de oportunidades a las poblaciones m\u00e1s vulnerables, atendiendo el crecimiento y desarrollo de los ni\u00f1os, habla de un Estado presente y esto es lo que impulsa tanto el gobernador Omar Perotti como el presidente Alberto Fern\u00e1ndez, con acciones concretas y con obras que promuevan una atenci\u00f3n integral para el desarrollo, la estimulaci\u00f3n temprana y la psicomotricidad&#8221;, cerr\u00f3 Frana.<\/p>\n<p><strong>CENTROS DE DESARROLLO INFANTIL<\/strong><\/p>\n<p>A trav\u00e9s del Ministerio de Obras P\u00fablicas de la Naci\u00f3n, se puso en marcha la \u201cRed de Infraestructura del Cuidado\u201d, con foco en la salud, los g\u00e9neros y la ni\u00f1ez.<\/p>\n<p>Los CDI son resultados de un trabajo conjunto de los Ministerios de Obras P\u00fablicas y de Desarrollo Social de la Naci\u00f3n, que en una primera etapa construir\u00e1n unos 300 centros en todo el pa\u00eds, con el objetivo de reducir las brechas existentes de pobreza, g\u00e9nero e inequidades territoriales.<\/p>\n<p>Estas unidades educativas contar\u00e1n con una superficie de 220 metros cuadrados, e incluir\u00e1n a ni\u00f1os y ni\u00f1as de 45 d\u00edas a 4 a\u00f1os de edad, que funcionar\u00e1n en dos turnos con capacidad de albergar 48 personas por turno, para recibir asistencia nutricional, estimulaci\u00f3n temprana y psicomotricidad.<\/p>\n<p>El prototipo tipol\u00f3gico propuesto cuenta con: planteo arquitect\u00f3nico desarrollado en un solo nivel con una circulaci\u00f3n principal que estructura las distintas actividades; \u00e1rea de administraci\u00f3n con ba\u00f1o privado; cocina y dep\u00f3sito con ingreso propio para proveedores y personal; una sala maternal (de 45 d\u00edas a 1 a\u00f1o) y lactario; una sala de deambuladores (1 a\u00f1o a 2 a\u00f1os); una sala de 2 a\u00f1os a 3 a\u00f1os adaptable para funcionar como comedor; una sala de 3 a\u00f1os a 4 a\u00f1os adaptable para funcionar como comedor; un bloque sanitario para infantes, adem\u00e1s de un sanitario espec\u00edfico para personas con movilidad reducida; y patios internos que adec\u00faan las condiciones ambientales requeridas, que contar\u00e1n con espacios l\u00fadicos y juegos infantiles.<\/p>\n<p><strong>LAS LICITACIONES<\/strong><\/p>\n<p>Rafaela &#8211; acto licitatorio: lunes 4\/10 &#8211; 12:30 horas &#8211; Cine Belgrano, sito en calle Boulevard Santa Fe 555 de la ciudad de Rafaela. Presupuesto oficial: $37.477.957,82.<\/p>\n<p>Reconquista &#8211; acto licitatorio: mi\u00e9rcoles 6\/10 &#8211; 10:30 horas &#8211; Casa del Bicentenario, sita en calle Bv. Espa\u00f1a 787 de la ciudad de Reconquista. Presupuesto oficial: $36.087.904,78.<\/p>\n<p><strong>Vera &#8211; acto licitatorio: mi\u00e9rcoles 6\/10 &#8211; 13:30 horas &#8211; Aero Club Vera, sito en calle Lisandro de la Torre y Soldado G\u00f3mez de la ciudad de Vera. Presupuesto oficial: $36.316.461,81.<\/strong><\/p>\n<p>Tostado &#8211; acto licitatorio: mi\u00e9rcoles 6\/10 &#8211; 17 horas &#8211; Club Atl\u00e9tico Tostado, sito en Ruta Pcial. N\u00ba 2. Presupuesto oficial: $37.284.346,08.<\/p>\n<p>G\u00e1lvez &#8211; acto licitatorio: jueves 7\/10 &#8211; 9 horas &#8211; Casa de la Cultura, sita en calle Pasteur 444 de la ciudad de G\u00e1lvez. Presupuesto oficial: $36.087.904,78.<\/p>\n<p>Las Rosas &#8211; acto licitatorio: jueves 7\/10 &#8211; 12:30 horas &#8211; Club Atl\u00e9tico Williams Kemmis &#8211; Chacabuco y Lamadrid de la Localidad de Las Rosas. Presupuesto oficial: $36.316.461,81.<\/p>\n<p>El Tr\u00e9bol &#8211; acto licitatorio: jueves 7\/10 &#8211; 15 horas &#8211; Centro Cultural Cervantes, sito en calle Rosario 780 de la localidad de El Tr\u00e9bol. Presupuesto oficial: $37.720.617,36.<\/p>\n<p>Fighiera &#8211; acto licitatorio: martes 12\/10 &#8211; 9:30 horas &#8211; Calle Tomasini 561 de la localidad de Fighiera. Presupuesto oficial: $38.366.172,50.<\/p>\n<p>Ca\u00f1ada de G\u00f3mez &#8211; acto licitatorio: martes 12\/10 &#8211; 12:30 horas &#8211; Centro de la Juventud, sito en calle Balcarce y Sarmiento de la ciudad de Ca\u00f1ada de G\u00f3mez. Presupuesto oficial: $36.807.904,78.<\/p>\n","protected":false},"excerpt":{"rendered":"<p>La provincia construir\u00e1 los primeros 9 centros de Desarrollo Infantil. En los pr\u00f3ximos d\u00edas comenzar\u00e1n a licitarse los primeros nueve espacios educativos para la primera infancia, financiados por el gobierno nacional. El Ministerio de Infraestructura, Servicios P\u00fablicos y H\u00e1bitat, a trav\u00e9s de la Secretar\u00eda de Arquitectura y Obras P\u00fablicas, desarrollar\u00e1 en una primera etapa las [&hellip;]<\/p>\n","protected":false},"author":3,"featured_media":28170,"comment_status":"closed","ping_status":"closed","sticky":false,"template":"","format":"standard","meta":{"_joinchat":[],"footnotes":""},"categories":[53],"tags":[],"class_list":{"0":"post-28167","1":"post","2":"type-post","3":"status-publish","4":"format-standard","5":"has-post-thumbnail","7":"category-vera"},"_links":{"self":[{"href":"https:\/\/infovera.com.ar\/web\/wp-json\/wp\/v2\/posts\/28167","targetHints":{"allow":["GET"]}}],"collection":[{"href":"https:\/\/infovera.com.ar\/web\/wp-json\/wp\/v2\/posts"}],"about":[{"href":"https:\/\/infovera.com.ar\/web\/wp-json\/wp\/v2\/types\/post"}],"author":[{"embeddable":true,"href":"https:\/\/infovera.com.ar\/web\/wp-json\/wp\/v2\/users\/3"}],"replies":[{"embeddable":true,"href":"https:\/\/infovera.com.ar\/web\/wp-json\/wp\/v2\/comments?post=28167"}],"version-history":[{"count":0,"href":"https:\/\/infovera.com.ar\/web\/wp-json\/wp\/v2\/posts\/28167\/revisions"}],"wp:featuredmedia":[{"embeddable":true,"href":"https:\/\/infovera.com.ar\/web\/wp-json\/wp\/v2\/media\/28170"}],"wp:attachment":[{"href":"https:\/\/infovera.com.ar\/web\/wp-json\/wp\/v2\/media?parent=28167"}],"wp:term":[{"taxonomy":"category","embeddable":true,"href":"https:\/\/infovera.com.ar\/web\/wp-json\/wp\/v2\/categories?post=28167"},{"taxonomy":"post_tag","embeddable":true,"href":"https:\/\/infovera.com.ar\/web\/wp-json\/wp\/v2\/tags?post=28167"}],"curies":[{"name":"wp","href":"https:\/\/api.w.org\/{rel}","templated":true}]}}